{"id":26105,"date":"2022-04-18T11:45:10","date_gmt":"2022-04-18T16:45:10","guid":{"rendered":"https:\/\/encuentroinformativo.com.mx\/?p=26105"},"modified":"2022-04-18T20:36:25","modified_gmt":"2022-04-19T01:36:25","slug":"51-menores-se-extraviaron-en-playas-de-veracruz","status":"publish","type":"post","link":"https:\/\/encuentroinformativo.com.mx\/?p=26105","title":{"rendered":"51 menores se extraviaron en playas de Veracruz"},"content":{"rendered":"\n<p><strong>Alejandro \u00c1vila<\/strong><\/p>\n\n\n\n<p>Veracruz, Ver.- La alcaldesa de Veracruz, Patricia Lobeira Rodr\u00edguez, confirm\u00f3 la cifra de 51 menores de edad extraviados en las playas de la ciudad el pasado fin de semana.<\/p>\n\n\n\n<p>La presidenta municipal reconoci\u00f3 el trabajo de sus colaboradores en playas, qui\u00e9nes ayudaron a los peque\u00f1os y los trasladaron a los m\u00f3dulos del DIF Municipal, hasta que fueron encontrados sus padres.<\/p>\n\n\n\n<p>&#8220;51 menores extraviados, gracias a Dios aparecieron los padres, lo bueno es que, como ten\u00edamos nosotros los m\u00f3dulos del DIF se pudo atender a los chiquitos, ellos pudieron estar ah\u00ed con personal del Ayuntamiento hasta que se localizar\u00e1 sus padres. Y bueno, recomendarle a los pap\u00e1s en esta semana de Pascuas que van a seguir yendo a la playa, que est\u00e9n muy pendientes a sus chiquitos, sobre todo en las playas, que hay mar y hay much\u00edsima gente, que est\u00e9n pendientes y no tomar tanto&#8221;, agreg\u00f3.<\/p>\n\n\n\n<p>Patricia Lobeira dijo que, seg\u00fan el reporte de los hoteleros, se tuvo una ocupaci\u00f3n del 100 por ciento, con respecto a lo permitido por la Secretar\u00eda de Salud; de la misma manera, destac\u00f3 la presencia de 60 mil personas en las actividades playeras que organiz\u00f3 el municipio.<\/p>\n\n\n\n<p>Adem\u00e1s dijo que, tras la reapertura del zool\u00f3gico &#8220;Miguel \u00c1ngel de Quevedo&#8221; la semana anterior, se tuvo un registro de 40 mil visitantes durante el pasado fin de semana.<\/p>\n","protected":false},"excerpt":{"rendered":"<p>Alejandro \u00c1vila Veracruz, Ver.- La alcaldesa de Veracruz, Patricia Lobeira Rodr\u00edguez, confirm\u00f3 la cifra de 51 menores de edad extraviados en las playas de la ciudad el pasado fin de semana. La presidenta municipal reconoci\u00f3 el trabajo de sus colaboradores en playas, qui\u00e9nes ayudaron a los peque\u00f1os y los trasladaron a los m\u00f3dulos del DIF [&hellip;]<\/p>\n","protected":false},"author":1,"featured_media":26106,"comment_status":"open","ping_status":"open","sticky":false,"template":"","format":"standard","meta":{"_jetpack_memberships_contains_paid_content":false,"footnotes":""},"categories":[2],"tags":[],"class_list":["post-26105","post","type-post","status-publish","format-standard","has-post-thumbnail","hentry","category-estado"],"jetpack_featured_media_url":"https:\/\/encuentroinformativo.com.mx\/wp-content\/uploads\/2022\/04\/61D6D67F-B2AD-486A-A202-4DB612495CD0.jpeg","jetpack_sharing_enabled":true,"jetpack_likes_enabled":true,"amp_enabled":true,"_links":{"self":[{"href":"https:\/\/encuentroinformativo.com.mx\/index.php?rest_route=\/wp\/v2\/posts\/26105","targetHints":{"allow":["GET"]}}],"collection":[{"href":"https:\/\/encuentroinformativo.com.mx\/index.php?rest_route=\/wp\/v2\/posts"}],"about":[{"href":"https:\/\/encuentroinformativo.com.mx\/index.php?rest_route=\/wp\/v2\/types\/post"}],"author":[{"embeddable":true,"href":"https:\/\/encuentroinformativo.com.mx\/index.php?rest_route=\/wp\/v2\/users\/1"}],"replies":[{"embeddable":true,"href":"https:\/\/encuentroinformativo.com.mx\/index.php?rest_route=%2Fwp%2Fv2%2Fcomments&post=26105"}],"version-history":[{"count":1,"href":"https:\/\/encuentroinformativo.com.mx\/index.php?rest_route=\/wp\/v2\/posts\/26105\/revisions"}],"predecessor-version":[{"id":26107,"href":"https:\/\/encuentroinformativo.com.mx\/index.php?rest_route=\/wp\/v2\/posts\/26105\/revisions\/26107"}],"wp:featuredmedia":[{"embeddable":true,"href":"https:\/\/encuentroinformativo.com.mx\/index.php?rest_route=\/wp\/v2\/media\/26106"}],"wp:attachment":[{"href":"https:\/\/encuentroinformativo.com.mx\/index.php?rest_route=%2Fwp%2Fv2%2Fmedia&parent=26105"}],"wp:term":[{"taxonomy":"category","embeddable":true,"href":"https:\/\/encuentroinformativo.com.mx\/index.php?rest_route=%2Fwp%2Fv2%2Fcategories&post=26105"},{"taxonomy":"post_tag","embeddable":true,"href":"https:\/\/encuentroinformativo.com.mx\/index.php?rest_route=%2Fwp%2Fv2%2Ftags&post=26105"}],"curies":[{"name":"wp","href":"https:\/\/api.w.org\/{rel}","templated":true}]}}