{"id":26116,"date":"2022-04-19T09:08:15","date_gmt":"2022-04-19T14:08:15","guid":{"rendered":"https:\/\/encuentroinformativo.com.mx\/?p=26116"},"modified":"2022-04-19T09:08:18","modified_gmt":"2022-04-19T14:08:18","slug":"las-fichitas-del-tio-dante-puro-maton-transa-y-feminicidas","status":"publish","type":"post","link":"https:\/\/encuentroinformativo.com.mx\/?p=26116","title":{"rendered":"LAS FICHITAS DEL T\u00cdO DANTE: PURO MAT\u00d3N, TRANSA \u00bfY FEMINICIDAS?"},"content":{"rendered":"\n<p><strong>ColumnaSinNombre<br>@pablojair<\/strong><\/p>\n\n\n\n<ul class=\"wp-block-list\"><li>\u00bfY por qu\u00e9 tanto circo en la C\u00e1mara de Diputados?<\/li><li>S\u00ed hay precedente de restaurante en r\u00edo de Veracruz.<\/li><li>La Torre Administrativa\u2026 que tambi\u00e9n plante\u00f3 Alem\u00e1n.<\/li><li>Cuitl\u00e1huac y Zenyazen se re\u00fanen con maestros.<\/li><\/ul>\n\n\n\n<p>No pas\u00f3 la de AMLO; no pas\u00f3 la de Patita<br>\u2014Chopenjawer<\/p>\n\n\n\n<p>Pareciera que entre los requisitos para afiliarse a Movimiento Ciudadano \u2014el partido del cual es propietario el exgobernador Dante Delgado Rannauro\u2014 hay que haber pertenecido a un c\u00e1rtel de la delincuencia organizada, ser mat\u00f3n y hasta tratante de blancas o feminicida.<\/p>\n\n\n\n<p>Y es que s\u00f3lo as\u00ed se entender\u00eda el que \u2014al menos en Veracruz\u2014 haya militantes detenidos de ese partido que est\u00e1n involucrados en cr\u00edmenes graves.<\/p>\n\n\n\n<p>El caso m\u00e1s claro es el de Jos\u00e9 Manuel \u201cN\u201d, el operador pol\u00edtico de T\u00edo Dante que es harto conocido en la zona norte de Veracruz, donde muchos a\u00f1os oper\u00f3 un grupo (m\u00e1s parecido como a un c\u00e1rtel) conocido como \u201cdel Totonacapan\u201d, y quienes se repart\u00edan los cargos de presidencias municipales o diputaciones de la regi\u00f3n. Ah\u00ed en ese grupo hay o hubo personajes tenebrosos harto conocidos como los Picazo, el exdiputado federal Guillermo Zorrilla y el desaparecido empresario naranjero R\u00f3mulo Isael Salazar Mac\u00edas.<\/p>\n\n\n\n<p>A Jos\u00e9 Manuel, como es sabido, le atribuyen el haber sido el presunto operador del asesinato del candidato a la Presidencia Municipal de Cazones, Remigio Tovar Tovar, ocurrido el 4 de junio de 2021. Un caso que dio vueltas a la clase pol\u00edtica pues mientras los de Movimiento Ciudadano anunciaban que era un crimen pol\u00edtico, en unos d\u00edas se las reviraron con la detenci\u00f3n de Jos\u00e9 Manuel \u201cN\u201d, miembro de ese partido y cercano al T\u00edo Dante.<\/p>\n\n\n\n<p>Con todo y que hubo una presi\u00f3n medi\u00e1tica (que se ha desinflado al paso de los meses por la p\u00e9rdida de credibilidad) por parte de T\u00edo Dante y su amigo el senador Ricardo Monreal, finalmente ambos tuvieron que bajarle el volumen a su \u201cprotesta\u201d, porque todo parece indicar que s\u00ed hay indicios muy claros de la participaci\u00f3n de Jos\u00e9 Manuel \u201cN\u201d en el asesinato de Tovar Tovar.<\/p>\n\n\n\n<p>Pero no s\u00f3lo es el triste caso de Jos\u00e9 Manuel \u201cN\u201d: tambi\u00e9n se supo recientemente de la detenci\u00f3n de un fulano conocido como \u201cEl Munrra\u201d, regidor electo de Ixtaczoquitl\u00e1n, y a quien se\u00f1alan de ser el autor de nuestro querido \u201cEnano del Tapanco\u201d, el periodista Jacinto Romero Flores, asesinado el 19 de agosto de 2021.<\/p>\n\n\n\n<p>Y es que mientras usted andaba en el balneario o la playa asole\u00e1ndose como iguana y moj\u00e1ndose las patrullas, se dio a conocer la detenci\u00f3n de Patricio Alejandro \u201cN\u201d, \u201cEl Munrra\u201d, quien no s\u00f3lo est\u00e1 se\u00f1alado como autor intelectual del asesinato de Jacinto, sino que adem\u00e1s est\u00e1 identificado como un reconocido cabecilla de la delincuencia organizada en esa regi\u00f3n de las Altas Monta\u00f1as.<\/p>\n\n\n\n<p>El gobernador Cuitl\u00e1huac Garc\u00eda Jim\u00e9nez, en su conferencia de este lunes, coment\u00f3 al respecto preguntando: \u201c\u00bfpor qu\u00e9 lo postularon?\u201d, a sabiendas de que era un conocido delincuente quien adem\u00e1s \u2014seg\u00fan el mandatario estatal\u2014 es padre de una persona identificada como \u201cLa Contadora\u201d, quien precisamente lleva la contabilidad del grupo delictivo que opera en esa zona.<\/p>\n\n\n\n<p>Hay que destacar sobre la detenci\u00f3n de \u201cEl Munrra\u201d como uno de los pocos casos donde se agarran a los autores intelectuales de asesinatos de periodistas, yo creo, en el pa\u00eds. Falta nada m\u00e1s \u2014esperemos as\u00ed sea\u2014 una sentencia firme del juez que los refunda en el bote a este cuate y a tres m\u00e1s detenidos vinculados con el asesinato del querido Jacinto, obviamente con las pruebas contundentes de su responsabilidad.<\/p>\n\n\n\n<p>Y s\u00ed, la l\u00f3gica es preguntarse \u00bfpor qu\u00e9 postularon a conocida fichita?, pero lo m\u00e1s importante \u00bfqui\u00e9n lo postul\u00f3? \u00bfQui\u00e9n lo aval\u00f3? \u00bfQui\u00e9n dio el visto bueno? Digo, los de Movimiento Ciudadano en Veracruz podr\u00e1n decir que no sab\u00edan, que son muy bueyes, muy ne\u00f3fitos, y no lo ten\u00edan identificado, pero se duda mucho porque Veracruz es un estado muy conocido por T\u00edo Dante, quien adem\u00e1s goza de una memoria privilegiada para ubicar a personajes de cada regi\u00f3n.<\/p>\n\n\n\n<p>Pero no s\u00f3lo pasan estas cochinadas en Veracruz con los de MC, tambi\u00e9n tienen otros relevantes personajes de otros lugares en el pa\u00eds a los cuales destacar, como el caso del exalcalde de Campeche, Eliseo Fern\u00e1ndez Montufar.<\/p>\n\n\n\n<p>Pues mientras usted recib\u00eda masaje en la espalda con aceite de coco y bronceador nivel ultra, resulta que el un juez en Campeche liber\u00f3 una orden de aprehensi\u00f3n contra Fern\u00e1ndez Montufar, quien es ex candidato de Movimiento Ciudadano a la gubernatura y ex presidente municipal de la ciudad capital, por los presuntos delitos de peculado por m\u00e1s de 50 millones de pesos, operaciones con recursos de procedencia il\u00edcita, defraudaci\u00f3n fiscal, asociaci\u00f3n delictuosa y facturaci\u00f3n falsa.<\/p>\n\n\n\n<p>Actualmente se considera pr\u00f3fugo de la justicia y es buscado con una orden de aprehensi\u00f3n vigente en su contra, adem\u00e1s cuenta con alerta migratoria con reporte a Interpol. Seg\u00fan medios locales, el tambi\u00e9n ex diputado local panista ha intentado salir del pa\u00eds en tres ocasiones, una a Estados Unidos y dos m\u00e1s a un pa\u00eds sudamericano, lo cual no pudo hacer debido a la alerta migratoria; no obstante, en sus \u00faltimas publicaciones en redes sociales se le ubica en la Universidad de Harvard, en Estados Unidos, donde seg\u00fan estudia un diplomado, aunque trascendi\u00f3 que ya le fue cancelada la visa estudiantil.<\/p>\n\n\n\n<p>Habr\u00eda que poner tambi\u00e9n atenci\u00f3n al tema de los feminicidios en lugares como Jalisco y Nuevo Le\u00f3n, gobernados por el dantesco partido naranja, aunque ya hace unos d\u00edas el gobernador jalisciense Enrique Alfaro pudo respirar un poco m\u00e1s tranquilo porque bajaron los \u00edndices en el primer trimestre de este a\u00f1o.<\/p>\n\n\n\n<p>Donde de plano est\u00e1 el ojo del hurac\u00e1n y de la atenci\u00f3n medi\u00e1tica es en Nuevo Le\u00f3n, por la desaparici\u00f3n de la joven Debhani, quien hasta el cierre de esta edici\u00f3n no ha sido localizada. Su caso ha llamado mucho la atenci\u00f3n por una fotograf\u00eda donde se le ve solitaria en una carretera, saliendo de una fiesta, y donde la dejaron sus amigas.<\/p>\n\n\n\n<p>Parece mentira, pero Nuevo Le\u00f3n est\u00e1 confirmando nuevamente, como ejemplo, que no s\u00f3lo basta con ser popular en redes sociales como lo es el gobernador Samuel Garc\u00eda y su esposa, sino qu\u00e9 hay que saber gobernar. No obstante, en ese estado, est\u00e1 el que posiblemente sea el candidato de una megacoalici\u00f3n de partidos llamada MCPRIANRD, llevando como abanderado en 2024 a la Presidencia de la Rep\u00fablica al hijo del m\u00e1rtir pri\u00edsta Luis Donaldo Colosio, del mismo nombre, y quien es alcalde de Monterrey.<\/p>\n\n\n\n<p>Sea como sea, ambos estados est\u00e1n puestos en la mirada de la opini\u00f3n p\u00fablica por el tema de feminicidios; lo que parece curioso es que ambos sean gobernados por un partido que, al menos en Veracruz, le gusta lidiar con la muerte, y si no me creen, que le pregunten a T\u00edo Dante cuando mand\u00f3 matar a Toribio Gargallo.<\/p>\n\n\n\n<p>NOTA PARA PEGAR EN EL REFRI: Dicen los que saben y andan en las bambalinas del poder, que en realidad todo el show que hubo en la C\u00e1mara de Diputados &#8211;cuando ya estaba muy claro el pron\u00f3stico de que la Reforma El\u00e9ctrica no iba a pasar por falta de votos y cabildeo de los l\u00edderes de Morena&#8211; fue algo armado y previsto por el presidente Andr\u00e9s Manuel L\u00f3pez Obrador para mostrar que no se iba a aprobar dicha reforma con un gran circo (con compra de votos de por medio) y salvaguardar el honor quedando como un presidente que no &#8220;obedeci\u00f3&#8221; a Estados Unidos y que tampoco queda mal con su cuate Bartlett, que por algo lo tiene ah\u00ed\u2026 S\u00f3lo as\u00ed se entender\u00edan las 12 horas largas de un debate que no llevaba a ning\u00fan lado, pero ah\u00ed estuvieron haciendo el ruido como le gusta al mandatario nacional. Finalmente, ya pas\u00f3 sin broncas la Ley Minera este lunes, sin problema alguno para aprobarla\u2026 \u00bfSer\u00e1 que finalmente no hubo realmente voluntad o la orden para conseguir votos? \u00bfTodo fue un &#8220;compl\u00f3&#8221; para empinar a los opositores y asegurar el tema del litio? Mire, parece mentira, pero al final de cuentas se sacaron la espina este lunes: ya no se vio a la oposici\u00f3n triunfante del domingo.<\/p>\n\n\n\n<p><strong>OTRA NOTA: <\/strong>Como dir\u00eda el meme de los Simpsons con George Harrison: \u201cEso ya se ha visto antes\u201d\u2026 Aunque se ha querido manejar como algo in\u00e9dito y sin precedentes, en estos d\u00edas se inaugur\u00f3 un restaurante flotante sobre el r\u00edo P\u00e1nuco, en el marco de la celebraci\u00f3n de los 200 a\u00f1os de ese municipio al norte de Veracruz, colindante con Tamaulipas\u2026 La realidad es que s\u00ed hay un precedente y ocurri\u00f3 en el sur de la entidad veracruzana: por ah\u00ed de inicios del actual siglo, el empresario Jorge Rostein cre\u00f3 un restaurante flotante en Minatitl\u00e1n, sobre el r\u00edo Coatzacoalcos, que se encontraba atracado en el malec\u00f3n de la petrolera ciudad. Aunque la idea era novedosa, finalmente no cuaj\u00f3 y al paso de los meses tuvo que cerrar\u2026 As\u00ed que eso de los buques con restaurantes paseadores, pues tampoco es algo nuevo en los tiempos de la Cuarta Transformeishion\u2026 Por cierto, en estos d\u00edas de Semana Santa no se vio mucho del famoso &#8220;Cuenque\u00f1o&#8221;, que se supone es algo as\u00ed como lo m\u00e1s perr\u00f3n del Papaloapan para el turismo\u2026 \u00bfSer\u00e1 que ya se le acab\u00f3 el atractivo y ya pas\u00f3 de moda?<\/p>\n\n\n\n<p><strong>OTRA NOTA EXTRA: <\/strong>Y siguiendo con el meme de George Harrison: en el sexenio de Miguel Alem\u00e1n Velasco (1998-2002), el entonces gobernador hab\u00eda planteado la idea de que para desfogar el tr\u00e1fico del centro de Xalapa se construyera una ciudad administrativa en las afueras de la capital veracruzana, en terrenos por donde se encuentra actualmente la delegaci\u00f3n de la Conagua, justo en la entrada viniendo del Puerto de Veracruz\u2026 Con esto tambi\u00e9n se pretend\u00eda un ahorro en cuanto a rentas de inmuebles, adem\u00e1s de que ayudar\u00eda mucho a tener todas las oficinas concentradas en un s\u00f3lo punto y no diseminadas por toda la ciudad\u2026 La idea no prosper\u00f3 porque, seg\u00fan chismes de la \u00e9poca, muchos pol\u00edticos vivillos vieron la oportunidad de comprar terrenos por aquellos lares y as\u00ed cuando el gobierno pretendiera adquirir, estos lo vendieran al doble o triple de su precio\u2026 Otros que seguramente tambi\u00e9n se habr\u00e1n quejado con el entonces mandatario han de haber sido los riquillos de Xalapa, due\u00f1os de esas casas y oficinas que son un negocio desde hace varios a\u00f1os para unas cuantas familias\u2026 Esta vez, el gobernador Cuitl\u00e1huac Garc\u00eda Jim\u00e9nez acaba de anunciar que se har\u00e1 una torre que llevar\u00e1 por nombre \u201cOrgullo Veracruzano\u201d, que tambi\u00e9n pretende reunir a todas las oficinas estatales que est\u00e1n regadas por toda la capital, y tambi\u00e9n servir\u00e1 para el ahorro del Gobierno de Veracruz\u2026 Por lo menos ya hay fotos de que arranc\u00f3 la obra, aunque misteriosamente no dicen donde (a lo mejor pa\u2019 que no pase lo mismo con Alem\u00e1n) y se dice que m\u00e1s adelante se revelar\u00e1n detalles del proyecto; otros ojos que conocen la carretera a Banderilla, por el motel Mallorca, ubicaron de volada el sitio de construcci\u00f3n.<\/p>\n\n\n\n<p><strong>LA \u00daLTIMA PORQUE VOY A DEJAR A LA JEFA AL ADO: <\/strong>Este fin de semana, la organizaci\u00f3n Maestros Con Morena (MCM) refrend\u00f3 esta tarde su apoyo al gobernador Cuitl\u00e1huac Garc\u00eda Jim\u00e9nez y al presidente de M\u00e9xico, Andr\u00e9s Manuel L\u00f3pez Obrador, al reconocer la transformaci\u00f3n que ha tenido el sistema educativo veracruzano en los tres \u00faltimos a\u00f1os. En las instalaciones del Estadio &#8220;Antonio M. Quirasco&#8221; de la ciudad capital, se congregaron miles de trabajadores de la educaci\u00f3n de diferentes regiones del estado para compartir una comida con el gobernador Cuitl\u00e1huac Garc\u00eda Jim\u00e9nez, y el secretario de Educaci\u00f3n, Zenyazen Escobar Garc\u00eda, por ser los principales pilares de la transformaci\u00f3n de la educaci\u00f3n en Veracruz. Ambos funcionarios p\u00fablicos hicieron un espacio en sus respectivas agendas de trabajo, pues a pesar de ser d\u00edas de asueto para la gran mayor\u00eda de las y los trabajadores, ellos no detuvieron sus respectivas actividades este fin de semana. Al dar la bienvenida al gremio magisterial, Escobar Garc\u00eda hizo un recuento de la lucha que emprendieron en 2013 por la mal llamada reforma educativa que afectaba los derechos laborales de las y los maestros, desde aquel tiempo conoci\u00f3 al entonces diputado federal, Cuitl\u00e1huac Garc\u00eda Jim\u00e9nez, con quien luch\u00f3 hombro a hombro en las calles, pero con la visi\u00f3n de que tambi\u00e9n tendr\u00eda que hacerse en las urnas, sum\u00e1ndose a la ideolog\u00eda de un hombre luchador, Andr\u00e9s Manuel L\u00f3pez Obrador, quien por d\u00e9cadas hab\u00eda anhelado transformar al pa\u00eds\u2026 Zenyazen Escobar revel\u00f3 que son m\u00e1s de 30 mil agremiados a la agrupaci\u00f3n MCM, con la proyecci\u00f3n de llegar a 50 mil en el 2024.<\/p>\n","protected":false},"excerpt":{"rendered":"<p>ColumnaSinNombre@pablojair \u00bfY por qu\u00e9 tanto circo en la C\u00e1mara de Diputados? S\u00ed hay precedente de restaurante en r\u00edo de Veracruz. La Torre Administrativa\u2026 que tambi\u00e9n plante\u00f3 Alem\u00e1n. Cuitl\u00e1huac y Zenyazen se re\u00fanen con maestros. No pas\u00f3 la de AMLO; no pas\u00f3 la de Patita\u2014Chopenjawer Pareciera que entre los requisitos para afiliarse a Movimiento Ciudadano \u2014el [&hellip;]<\/p>\n","protected":false},"author":1,"featured_media":488,"comment_status":"open","ping_status":"open","sticky":false,"template":"","format":"standard","meta":{"_jetpack_memberships_contains_paid_content":false,"footnotes":""},"categories":[11],"tags":[],"class_list":["post-26116","post","type-post","status-publish","format-standard","has-post-thumbnail","hentry","category-opinion"],"jetpack_featured_media_url":"https:\/\/encuentroinformativo.com.mx\/wp-content\/uploads\/2020\/03\/F471F608-BA1A-416B-BA7B-BCFB24F4E6D0.jpeg","jetpack_sharing_enabled":true,"jetpack_likes_enabled":true,"amp_enabled":true,"_links":{"self":[{"href":"https:\/\/encuentroinformativo.com.mx\/index.php?rest_route=\/wp\/v2\/posts\/26116","targetHints":{"allow":["GET"]}}],"collection":[{"href":"https:\/\/encuentroinformativo.com.mx\/index.php?rest_route=\/wp\/v2\/posts"}],"about":[{"href":"https:\/\/encuentroinformativo.com.mx\/index.php?rest_route=\/wp\/v2\/types\/post"}],"author":[{"embeddable":true,"href":"https:\/\/encuentroinformativo.com.mx\/index.php?rest_route=\/wp\/v2\/users\/1"}],"replies":[{"embeddable":true,"href":"https:\/\/encuentroinformativo.com.mx\/index.php?rest_route=%2Fwp%2Fv2%2Fcomments&post=26116"}],"version-history":[{"count":1,"href":"https:\/\/encuentroinformativo.com.mx\/index.php?rest_route=\/wp\/v2\/posts\/26116\/revisions"}],"predecessor-version":[{"id":26117,"href":"https:\/\/encuentroinformativo.com.mx\/index.php?rest_route=\/wp\/v2\/posts\/26116\/revisions\/26117"}],"wp:featuredmedia":[{"embeddable":true,"href":"https:\/\/encuentroinformativo.com.mx\/index.php?rest_route=\/wp\/v2\/media\/488"}],"wp:attachment":[{"href":"https:\/\/encuentroinformativo.com.mx\/index.php?rest_route=%2Fwp%2Fv2%2Fmedia&parent=26116"}],"wp:term":[{"taxonomy":"category","embeddable":true,"href":"https:\/\/encuentroinformativo.com.mx\/index.php?rest_route=%2Fwp%2Fv2%2Fcategories&post=26116"},{"taxonomy":"post_tag","embeddable":true,"href":"https:\/\/encuentroinformativo.com.mx\/index.php?rest_route=%2Fwp%2Fv2%2Ftags&post=26116"}],"curies":[{"name":"wp","href":"https:\/\/api.w.org\/{rel}","templated":true}]}}