{"id":26120,"date":"2022-04-19T11:59:33","date_gmt":"2022-04-19T16:59:33","guid":{"rendered":"https:\/\/encuentroinformativo.com.mx\/?p=26120"},"modified":"2022-04-19T11:59:37","modified_gmt":"2022-04-19T16:59:37","slug":"continua-cierre-de-negocios-se-despide-la-naval","status":"publish","type":"post","link":"https:\/\/encuentroinformativo.com.mx\/?p=26120","title":{"rendered":"Contin\u00faa cierre de negocios; se despide La Naval"},"content":{"rendered":"\n<p><strong>Juan Arcos<\/strong><\/p>\n\n\n\n<p>Xalapa, Ver.- La cafeter\u00eda La Naval, ubicada en el centro de Xalapa, cerrar\u00e1 sus puertas de manera definitiva a finales de este mes, despu\u00e9s de 63 a\u00f1os de servicio y tradici\u00f3n.<\/p>\n\n\n\n<p>Los propietarios decidieron que el negocio cerrara operaciones de manera definitiva, debido a las graves afectaciones econ\u00f3micas derivadas de la pandemia por Sars-Cov2 (Covid-19).<\/p>\n\n\n\n<p>\u201cSeis d\u00e9cadas no nos detuvieron para poder brindarles siempre un excelenteservicio y una sonrisa, pero despu\u00e9s de 2 largos y dif\u00edciles a\u00f1os depandemia, hemos decidido cerrar operaciones de manera permanente\u201d, se lee en una circular que fue colocada en la fachada de La Naval.<\/p>\n\n\n\n<p>La cafeter\u00eda se encuentra sobre la calle Ignacio Zaragoza esquina Sebasti\u00e1n Camacho, en la parte trasera del Palacio de Gobierno y frente a la torre de la Secretar\u00eda de Seguridad P\u00fablica (SSP).<\/p>\n\n\n\n<p>\u201cCon tristeza y alegr\u00eda es nuestro deber informarles que nuestra queridaCafeter\u00eda La Naval de Xalapadar\u00e1 por terminado sus operaciones,despu\u00e9s de 63 a\u00f1os de servicio y por supuesto mucha tradici\u00f3n en nuestraquerida ciudad de Xalapa\u201d, detalla Marymar Fern\u00e1ndez Flores, propietaria del negocio, en el documento que tambi\u00e9n circula en redes sociales.<\/p>\n\n\n\n<p>El titular de la C\u00e1mara Nacional de Comercio (Canaco) en Xalapa, Juan Carlos Luna G\u00f3mez, indic\u00f3 que esta situaci\u00f3n ha sido constante por la crisis econ\u00f3mica que gener\u00f3 la contingencia sanitaria durante los a\u00f1os 2020 y 2021.<\/p>\n\n\n\n<p>Con este caso ya son 20 negocios que han cerrado en la capital veracruzana debido a la pandemia, algunos de ellos eran emblem\u00e1ticos en la ciudad.<\/p>\n\n\n\n<p>\u201cHa sido un camino maravilloso donde pasaron muchas historias y buenosrecuerdos por toda la comunidad Xalape\u00f1a que en estas seis d\u00e9cadas seacerc\u00f3 a La Naval para hacer su abasto, para deleitarse de deliciososcuernos y emparedados, as\u00ed como una rica taza de caf\u00e9 y no solamenteeso, si no historias, recuerdos y hermosas experiencias que se llevaron acabo en este emblem\u00e1tico lugar, desde los ultramarinos de Don AngelFern\u00e1ndez Gonz\u00e1lez, los famosos emparedados de \u00c1ngel, El Che,\u00a0Cimadevilla Fern\u00e1ndez, la cafeter\u00eda y centro cultural de Don AngelFern\u00e1ndez Segura y por ultimo m\u00e1s no menos importante, la renovaci\u00f3n dela cafeter\u00eda con los deliciosos postres de Marymar Fern\u00e1ndez Flores\u201d, indicaron los due\u00f1os en su comunicado.<\/p>\n\n\n\n<figure class=\"wp-block-image size-large\"><img loading=\"lazy\" decoding=\"async\" width=\"1024\" height=\"651\" src=\"https:\/\/encuentroinformativo.com.mx\/wp-content\/uploads\/2022\/04\/40F9AA64-0A41-4E78-883D-F81D1173968A-1024x651.jpeg\" alt=\"\" class=\"wp-image-26122\" srcset=\"https:\/\/encuentroinformativo.com.mx\/wp-content\/uploads\/2022\/04\/40F9AA64-0A41-4E78-883D-F81D1173968A-1024x651.jpeg 1024w, https:\/\/encuentroinformativo.com.mx\/wp-content\/uploads\/2022\/04\/40F9AA64-0A41-4E78-883D-F81D1173968A-300x191.jpeg 300w, https:\/\/encuentroinformativo.com.mx\/wp-content\/uploads\/2022\/04\/40F9AA64-0A41-4E78-883D-F81D1173968A-768x488.jpeg 768w, https:\/\/encuentroinformativo.com.mx\/wp-content\/uploads\/2022\/04\/40F9AA64-0A41-4E78-883D-F81D1173968A-1536x976.jpeg 1536w, https:\/\/encuentroinformativo.com.mx\/wp-content\/uploads\/2022\/04\/40F9AA64-0A41-4E78-883D-F81D1173968A.jpeg 1700w\" sizes=\"auto, (max-width: 1024px) 100vw, 1024px\" \/><\/figure>\n","protected":false},"excerpt":{"rendered":"<p>Juan Arcos Xalapa, Ver.- La cafeter\u00eda La Naval, ubicada en el centro de Xalapa, cerrar\u00e1 sus puertas de manera definitiva a finales de este mes, despu\u00e9s de 63 a\u00f1os de servicio y tradici\u00f3n. Los propietarios decidieron que el negocio cerrara operaciones de manera definitiva, debido a las graves afectaciones econ\u00f3micas derivadas de la pandemia por [&hellip;]<\/p>\n","protected":false},"author":1,"featured_media":26121,"comment_status":"open","ping_status":"open","sticky":false,"template":"","format":"standard","meta":{"_jetpack_memberships_contains_paid_content":false,"footnotes":""},"categories":[3],"tags":[],"class_list":["post-26120","post","type-post","status-publish","format-standard","has-post-thumbnail","hentry","category-xalapa"],"jetpack_featured_media_url":"https:\/\/encuentroinformativo.com.mx\/wp-content\/uploads\/2022\/04\/05798E70-12F8-486C-BADD-F5AFF25996FE.jpeg","jetpack_sharing_enabled":true,"jetpack_likes_enabled":true,"amp_enabled":true,"_links":{"self":[{"href":"https:\/\/encuentroinformativo.com.mx\/index.php?rest_route=\/wp\/v2\/posts\/26120","targetHints":{"allow":["GET"]}}],"collection":[{"href":"https:\/\/encuentroinformativo.com.mx\/index.php?rest_route=\/wp\/v2\/posts"}],"about":[{"href":"https:\/\/encuentroinformativo.com.mx\/index.php?rest_route=\/wp\/v2\/types\/post"}],"author":[{"embeddable":true,"href":"https:\/\/encuentroinformativo.com.mx\/index.php?rest_route=\/wp\/v2\/users\/1"}],"replies":[{"embeddable":true,"href":"https:\/\/encuentroinformativo.com.mx\/index.php?rest_route=%2Fwp%2Fv2%2Fcomments&post=26120"}],"version-history":[{"count":1,"href":"https:\/\/encuentroinformativo.com.mx\/index.php?rest_route=\/wp\/v2\/posts\/26120\/revisions"}],"predecessor-version":[{"id":26123,"href":"https:\/\/encuentroinformativo.com.mx\/index.php?rest_route=\/wp\/v2\/posts\/26120\/revisions\/26123"}],"wp:featuredmedia":[{"embeddable":true,"href":"https:\/\/encuentroinformativo.com.mx\/index.php?rest_route=\/wp\/v2\/media\/26121"}],"wp:attachment":[{"href":"https:\/\/encuentroinformativo.com.mx\/index.php?rest_route=%2Fwp%2Fv2%2Fmedia&parent=26120"}],"wp:term":[{"taxonomy":"category","embeddable":true,"href":"https:\/\/encuentroinformativo.com.mx\/index.php?rest_route=%2Fwp%2Fv2%2Fcategories&post=26120"},{"taxonomy":"post_tag","embeddable":true,"href":"https:\/\/encuentroinformativo.com.mx\/index.php?rest_route=%2Fwp%2Fv2%2Ftags&post=26120"}],"curies":[{"name":"wp","href":"https:\/\/api.w.org\/{rel}","templated":true}]}}