{"id":26138,"date":"2022-04-19T13:25:25","date_gmt":"2022-04-19T18:25:25","guid":{"rendered":"https:\/\/encuentroinformativo.com.mx\/?p=26138"},"modified":"2022-04-19T13:25:28","modified_gmt":"2022-04-19T18:25:28","slug":"jueves-daran-a-conocer-el-elenco-del-festival-de-la-salsa","status":"publish","type":"post","link":"https:\/\/encuentroinformativo.com.mx\/?p=26138","title":{"rendered":"Jueves dar\u00e1n a conocer el elenco del Festival de la Salsa"},"content":{"rendered":"\n<p><strong>Alejandro \u00c1vila<\/strong><\/p>\n\n\n\n<p>Veracruz, Ver.- El gobernador del Estado, Cuitl\u00e1huac Garc\u00eda Jim\u00e9nez mencion\u00f3 que, este jueves 21 de abril se har\u00e1 el anuncio oficial del elenco que participar\u00e1 en el Festival de la Salsa en Boca del R\u00edo, del 3 al 5 de junio.<\/p>\n\n\n\n<p>El mandatario estatal dijo que, este martes sostendr\u00e1 una reuni\u00f3n con el alcalde de Boca del R\u00edo, Juan Manuel Unanue Abascal, para terminar de ajustar detalles sobre el elenco, que recalc\u00f3 ser\u00e1 presentado el pr\u00f3ximo jueves.<\/p>\n\n\n\n<p>&#8220;El jueves la daremos a conocer, precisamente hoy me re\u00fano con el alcalde de Boca del R\u00edo, para afinar detalles y junto con \u00e9l, lo daremos a conocer el jueves (\u2026) viene buen\u00edsimo, yo creo va a ser uno de los mejores, con los mejores exponentes de la salsa, ya nada m\u00e1s cerramos unos detalles de log\u00edstica con el alcalde de Boca del R\u00edo y lo vamos a lanzar (\u2026) las fechas de mantienen&#8221;, agreg\u00f3.<\/p>\n\n\n\n<p>Cuitl\u00e1huac Garc\u00eda Jim\u00e9nez estuvo este martes en la localidad de Vargas, perteneciente al municipio de Veracruz donde, en compa\u00f1\u00eda de la alcaldesa Patricia Lobeira Rodr\u00edguez, hicieron entrega de apoyos en la zona rural; de la misma manera, el Ejecutivo Estatal dijo que, se brindar\u00e1 apoyo total, sobre todo en log\u00edstica, para la realizaci\u00f3n del Carnaval de Veracruz 2022.<\/p>\n\n\n\n<p>&#8220;Ella en su momento lo va a anunciar, nosotros nos vamos a comprometer con el tema de la log\u00edstica de seguridad y lo que podamos apoyar&#8221;, culmin\u00f3.<\/p>\n","protected":false},"excerpt":{"rendered":"<p>Alejandro \u00c1vila Veracruz, Ver.- El gobernador del Estado, Cuitl\u00e1huac Garc\u00eda Jim\u00e9nez mencion\u00f3 que, este jueves 21 de abril se har\u00e1 el anuncio oficial del elenco que participar\u00e1 en el Festival de la Salsa en Boca del R\u00edo, del 3 al 5 de junio. El mandatario estatal dijo que, este martes sostendr\u00e1 una reuni\u00f3n con el [&hellip;]<\/p>\n","protected":false},"author":1,"featured_media":26134,"comment_status":"open","ping_status":"open","sticky":false,"template":"","format":"standard","meta":{"_jetpack_memberships_contains_paid_content":false,"footnotes":""},"categories":[2],"tags":[],"class_list":["post-26138","post","type-post","status-publish","format-standard","has-post-thumbnail","hentry","category-estado"],"jetpack_featured_media_url":"https:\/\/encuentroinformativo.com.mx\/wp-content\/uploads\/2022\/04\/E4BC168D-507F-41AE-B35D-86B12B87C7C7.jpeg","jetpack_sharing_enabled":true,"jetpack_likes_enabled":true,"amp_enabled":true,"_links":{"self":[{"href":"https:\/\/encuentroinformativo.com.mx\/index.php?rest_route=\/wp\/v2\/posts\/26138","targetHints":{"allow":["GET"]}}],"collection":[{"href":"https:\/\/encuentroinformativo.com.mx\/index.php?rest_route=\/wp\/v2\/posts"}],"about":[{"href":"https:\/\/encuentroinformativo.com.mx\/index.php?rest_route=\/wp\/v2\/types\/post"}],"author":[{"embeddable":true,"href":"https:\/\/encuentroinformativo.com.mx\/index.php?rest_route=\/wp\/v2\/users\/1"}],"replies":[{"embeddable":true,"href":"https:\/\/encuentroinformativo.com.mx\/index.php?rest_route=%2Fwp%2Fv2%2Fcomments&post=26138"}],"version-history":[{"count":1,"href":"https:\/\/encuentroinformativo.com.mx\/index.php?rest_route=\/wp\/v2\/posts\/26138\/revisions"}],"predecessor-version":[{"id":26139,"href":"https:\/\/encuentroinformativo.com.mx\/index.php?rest_route=\/wp\/v2\/posts\/26138\/revisions\/26139"}],"wp:featuredmedia":[{"embeddable":true,"href":"https:\/\/encuentroinformativo.com.mx\/index.php?rest_route=\/wp\/v2\/media\/26134"}],"wp:attachment":[{"href":"https:\/\/encuentroinformativo.com.mx\/index.php?rest_route=%2Fwp%2Fv2%2Fmedia&parent=26138"}],"wp:term":[{"taxonomy":"category","embeddable":true,"href":"https:\/\/encuentroinformativo.com.mx\/index.php?rest_route=%2Fwp%2Fv2%2Fcategories&post=26138"},{"taxonomy":"post_tag","embeddable":true,"href":"https:\/\/encuentroinformativo.com.mx\/index.php?rest_route=%2Fwp%2Fv2%2Ftags&post=26138"}],"curies":[{"name":"wp","href":"https:\/\/api.w.org\/{rel}","templated":true}]}}