{"id":26140,"date":"2022-04-19T14:33:20","date_gmt":"2022-04-19T19:33:20","guid":{"rendered":"https:\/\/encuentroinformativo.com.mx\/?p=26140"},"modified":"2022-04-19T14:33:23","modified_gmt":"2022-04-19T19:33:23","slug":"realizaran-concierto-de-opera-para-celebrar-fundacion-del-cabildo-de-veracruz","status":"publish","type":"post","link":"https:\/\/encuentroinformativo.com.mx\/?p=26140","title":{"rendered":"Realizar\u00e1n concierto de \u00f3pera para celebrar fundaci\u00f3n del Cabildo de Veracruz"},"content":{"rendered":"\n<p><strong>Alejandro \u00c1vila<\/strong><\/p>\n\n\n\n<p>Veracruz, Ver.- El Ayuntamiento de Veracruz est\u00e1 pr\u00f3ximo a celebrar los 503 a\u00f1os de la fundaci\u00f3n de su Cabildo, por lo que prepara diversas actividades culturales, entre las que destaca un concierto de \u00f3pera gratuito en el z\u00f3calo de la ciudad.<\/p>\n\n\n\n<p>La alcaldesa Patricia Lobeira Rodr\u00edguez, present\u00f3 este martes en compa\u00f1\u00eda de Gabriela Zamora Loyo directora de Cultura; Concepci\u00f3n D\u00edaz Ch\u00e1zaro, Cronista de la Ciudad; e Israel Cahue, director del Proyecto Cahue Cultura; los eventos a realizarse.<\/p>\n\n\n\n<p>Este mi\u00e9rcoles 20 de abril se inaugurar\u00e1 la exposici\u00f3n &#8220;Una mirada al Veracruz de hace siglo y medio&#8221; a las 10 horas; puesta que cuenta con 27 imagenes del Veracruz de 1864.<\/p>\n\n\n\n<p>El jueves 21 de abril se inaugurar\u00e1n dos exposiciones en el Museo de la Ciudad, &#8220;Veracruz a trav\u00e9s de los mapas&#8221;, del 21 de abril al 8 de mayo; y &#8220;La rese\u00f1a gr\u00e1fica de la heroica defensa de Veracruz&#8221;, del 21 de abril al 22 de mayo.<\/p>\n\n\n\n<p>&#8220;Para cerrar con broche de oro los eventos conmemorativos de esta celebraci\u00f3n, se realizar\u00e1 el concierto de \u00f3pera hist\u00f3rica titulado &#8216;Heroico Veracruz&#8217;, de Israel cahue; el cual se llevar\u00e1 a cabo el viernes 22 de abril a las 19 horas en el z\u00f3calo de la ciudad. D\u00f3nde se pretende exponer con relatos, parte de la historia del territorio veracruzano, acompa\u00f1ados de luz y sonido, haciendo de este un gran espect\u00e1culo&#8221;, agreg\u00f3.<\/p>\n","protected":false},"excerpt":{"rendered":"<p>Alejandro \u00c1vila Veracruz, Ver.- El Ayuntamiento de Veracruz est\u00e1 pr\u00f3ximo a celebrar los 503 a\u00f1os de la fundaci\u00f3n de su Cabildo, por lo que prepara diversas actividades culturales, entre las que destaca un concierto de \u00f3pera gratuito en el z\u00f3calo de la ciudad. La alcaldesa Patricia Lobeira Rodr\u00edguez, present\u00f3 este martes en compa\u00f1\u00eda de Gabriela [&hellip;]<\/p>\n","protected":false},"author":1,"featured_media":26141,"comment_status":"open","ping_status":"open","sticky":false,"template":"","format":"standard","meta":{"_jetpack_memberships_contains_paid_content":false,"footnotes":""},"categories":[2],"tags":[],"class_list":["post-26140","post","type-post","status-publish","format-standard","has-post-thumbnail","hentry","category-estado"],"jetpack_featured_media_url":"https:\/\/encuentroinformativo.com.mx\/wp-content\/uploads\/2022\/04\/A050499F-448B-4AB5-A414-3F5CAEC9EAEB.jpeg","jetpack_sharing_enabled":true,"jetpack_likes_enabled":true,"amp_enabled":true,"_links":{"self":[{"href":"https:\/\/encuentroinformativo.com.mx\/index.php?rest_route=\/wp\/v2\/posts\/26140","targetHints":{"allow":["GET"]}}],"collection":[{"href":"https:\/\/encuentroinformativo.com.mx\/index.php?rest_route=\/wp\/v2\/posts"}],"about":[{"href":"https:\/\/encuentroinformativo.com.mx\/index.php?rest_route=\/wp\/v2\/types\/post"}],"author":[{"embeddable":true,"href":"https:\/\/encuentroinformativo.com.mx\/index.php?rest_route=\/wp\/v2\/users\/1"}],"replies":[{"embeddable":true,"href":"https:\/\/encuentroinformativo.com.mx\/index.php?rest_route=%2Fwp%2Fv2%2Fcomments&post=26140"}],"version-history":[{"count":1,"href":"https:\/\/encuentroinformativo.com.mx\/index.php?rest_route=\/wp\/v2\/posts\/26140\/revisions"}],"predecessor-version":[{"id":26142,"href":"https:\/\/encuentroinformativo.com.mx\/index.php?rest_route=\/wp\/v2\/posts\/26140\/revisions\/26142"}],"wp:featuredmedia":[{"embeddable":true,"href":"https:\/\/encuentroinformativo.com.mx\/index.php?rest_route=\/wp\/v2\/media\/26141"}],"wp:attachment":[{"href":"https:\/\/encuentroinformativo.com.mx\/index.php?rest_route=%2Fwp%2Fv2%2Fmedia&parent=26140"}],"wp:term":[{"taxonomy":"category","embeddable":true,"href":"https:\/\/encuentroinformativo.com.mx\/index.php?rest_route=%2Fwp%2Fv2%2Fcategories&post=26140"},{"taxonomy":"post_tag","embeddable":true,"href":"https:\/\/encuentroinformativo.com.mx\/index.php?rest_route=%2Fwp%2Fv2%2Ftags&post=26140"}],"curies":[{"name":"wp","href":"https:\/\/api.w.org\/{rel}","templated":true}]}}