{"id":26144,"date":"2022-04-19T14:39:22","date_gmt":"2022-04-19T19:39:22","guid":{"rendered":"https:\/\/encuentroinformativo.com.mx\/?p=26144"},"modified":"2022-04-19T14:39:26","modified_gmt":"2022-04-19T19:39:26","slug":"inician-jornada-de-capacitacion-para-quienes-imparten-justicia-a-menores","status":"publish","type":"post","link":"https:\/\/encuentroinformativo.com.mx\/?p=26144","title":{"rendered":"Inician jornada de capacitaci\u00f3n para quienes imparten justicia a menores"},"content":{"rendered":"\n<p>Xalapa, Ver.- Este martes en el auditorio Moreno Cora, inicio la Jornada de Capacitaci\u00f3n \u201cProtocolos de actuaci\u00f3n para quienes imparten justicia en el caso de que involucren a ni\u00f1as, ni\u00f1os y adolescentes\u201d, inaugurado por el director general de Consolidaci\u00f3n del Sistema de Justicia Penal en Veracruz, Jos\u00e9 Fernando Serv\u00edn Hern\u00e1ndez, qui\u00e9n dijo que a nivel nacional se ha detectado una falta de capacitaci\u00f3n para conocer y atender los protocolos de actuaci\u00f3n de cuerpos policiacos, fiscales y jueces en casos donde est\u00e1n involucrados menores de edad.<\/p>\n\n\n\n<figure class=\"wp-block-image size-large\"><img loading=\"lazy\" decoding=\"async\" width=\"1024\" height=\"683\" src=\"https:\/\/encuentroinformativo.com.mx\/wp-content\/uploads\/2022\/04\/CA006DF4-F3EF-40A0-AF5F-FE669CF368CE-1024x683.jpeg\" alt=\"\" class=\"wp-image-26146\" srcset=\"https:\/\/encuentroinformativo.com.mx\/wp-content\/uploads\/2022\/04\/CA006DF4-F3EF-40A0-AF5F-FE669CF368CE-1024x683.jpeg 1024w, https:\/\/encuentroinformativo.com.mx\/wp-content\/uploads\/2022\/04\/CA006DF4-F3EF-40A0-AF5F-FE669CF368CE-300x200.jpeg 300w, https:\/\/encuentroinformativo.com.mx\/wp-content\/uploads\/2022\/04\/CA006DF4-F3EF-40A0-AF5F-FE669CF368CE-768x512.jpeg 768w, https:\/\/encuentroinformativo.com.mx\/wp-content\/uploads\/2022\/04\/CA006DF4-F3EF-40A0-AF5F-FE669CF368CE.jpeg 1488w\" sizes=\"auto, (max-width: 1024px) 100vw, 1024px\" \/><\/figure>\n","protected":false},"excerpt":{"rendered":"<p>Xalapa, Ver.- Este martes en el auditorio Moreno Cora, inicio la Jornada de Capacitaci\u00f3n \u201cProtocolos de actuaci\u00f3n para quienes imparten justicia en el caso de que involucren a ni\u00f1as, ni\u00f1os y adolescentes\u201d, inaugurado por el director general de Consolidaci\u00f3n del Sistema de Justicia Penal en Veracruz, Jos\u00e9 Fernando Serv\u00edn Hern\u00e1ndez, qui\u00e9n dijo que a nivel [&hellip;]<\/p>\n","protected":false},"author":1,"featured_media":26145,"comment_status":"open","ping_status":"open","sticky":false,"template":"","format":"standard","meta":{"_jetpack_memberships_contains_paid_content":false,"footnotes":""},"categories":[3],"tags":[],"class_list":["post-26144","post","type-post","status-publish","format-standard","has-post-thumbnail","hentry","category-xalapa"],"jetpack_featured_media_url":"https:\/\/encuentroinformativo.com.mx\/wp-content\/uploads\/2022\/04\/F93447FB-24C8-46B6-A2A0-3E828D0A802C.jpeg","jetpack_sharing_enabled":true,"jetpack_likes_enabled":true,"amp_enabled":true,"_links":{"self":[{"href":"https:\/\/encuentroinformativo.com.mx\/index.php?rest_route=\/wp\/v2\/posts\/26144","targetHints":{"allow":["GET"]}}],"collection":[{"href":"https:\/\/encuentroinformativo.com.mx\/index.php?rest_route=\/wp\/v2\/posts"}],"about":[{"href":"https:\/\/encuentroinformativo.com.mx\/index.php?rest_route=\/wp\/v2\/types\/post"}],"author":[{"embeddable":true,"href":"https:\/\/encuentroinformativo.com.mx\/index.php?rest_route=\/wp\/v2\/users\/1"}],"replies":[{"embeddable":true,"href":"https:\/\/encuentroinformativo.com.mx\/index.php?rest_route=%2Fwp%2Fv2%2Fcomments&post=26144"}],"version-history":[{"count":1,"href":"https:\/\/encuentroinformativo.com.mx\/index.php?rest_route=\/wp\/v2\/posts\/26144\/revisions"}],"predecessor-version":[{"id":26147,"href":"https:\/\/encuentroinformativo.com.mx\/index.php?rest_route=\/wp\/v2\/posts\/26144\/revisions\/26147"}],"wp:featuredmedia":[{"embeddable":true,"href":"https:\/\/encuentroinformativo.com.mx\/index.php?rest_route=\/wp\/v2\/media\/26145"}],"wp:attachment":[{"href":"https:\/\/encuentroinformativo.com.mx\/index.php?rest_route=%2Fwp%2Fv2%2Fmedia&parent=26144"}],"wp:term":[{"taxonomy":"category","embeddable":true,"href":"https:\/\/encuentroinformativo.com.mx\/index.php?rest_route=%2Fwp%2Fv2%2Fcategories&post=26144"},{"taxonomy":"post_tag","embeddable":true,"href":"https:\/\/encuentroinformativo.com.mx\/index.php?rest_route=%2Fwp%2Fv2%2Ftags&post=26144"}],"curies":[{"name":"wp","href":"https:\/\/api.w.org\/{rel}","templated":true}]}}