{"id":26151,"date":"2022-04-19T14:48:14","date_gmt":"2022-04-19T19:48:14","guid":{"rendered":"https:\/\/encuentroinformativo.com.mx\/?p=26151"},"modified":"2022-04-19T14:48:17","modified_gmt":"2022-04-19T19:48:17","slug":"signan-convenio-de-colaboracion-dif-de-boca-del-rio-y-criver","status":"publish","type":"post","link":"https:\/\/encuentroinformativo.com.mx\/?p=26151","title":{"rendered":"Signan convenio de colaboraci\u00f3n DIF de Boca del R\u00edo y CRIVER"},"content":{"rendered":"\n<p><strong>Redacci\u00f3n<\/strong><\/p>\n\n\n\n<p>Boca del R\u00edo, Ver.- El alcalde Juan Manuel de Un\u00e1nue Abascal reiter\u00f3 el compromiso de la administraci\u00f3n a su cargo para apoyar las acciones que realiza el Centro de Rehabilitaci\u00f3n Infantil de Veracruz (CRIVER).<\/p>\n\n\n\n<p>Acompa\u00f1ado de la se\u00f1ora Melina Rivera de Un\u00e1nue presidenta del DIF Municipal, el alcalde boque\u00f1o firm\u00f3 un convenio de colaboraci\u00f3n junto con Enrique Ch\u00e1zaro presidente del patronato del CRIVER.<\/p>\n\n\n\n<p>Durante su intervenci\u00f3n el edil record\u00f3 que desde sus funciones como legislador brind\u00f3 apoyo de diversos aparatos ortop\u00e9dicos para beneficiar a las personas que as\u00ed lo necesitan por lo que reconoce la importancia de seguir apoyando a este sector de la poblaci\u00f3n.<\/p>\n\n\n\n<p>\u201cSon de las acciones que nos agrada llevar a cabo\u2026 sabemos realmente de lo que beneficia de lo qu\u00e9 ayuda. La importancia real de tener a un gobierno municipal apoy\u00e1ndolos, y la presencia de nosotros el d\u00eda de hoy\u201d.<\/p>\n\n\n\n<p>\u201cQuiero comentarles de manera genuina que vamos a estar estos cuatro a\u00f1os de mi administraci\u00f3n apoy\u00e1ndolos las veces que sea necesario, vamos a estar aqu\u00ed presentes. Esto es la firma del convenio, la entrega de ciertos apoyos en especie pero vamos a estar aqu\u00ed de la mano trabajando con ustedes\u201d, enfatiz\u00f3.<\/p>\n\n\n\n<p>Por su parte, Enrique Ch\u00e1zaro Mabarak presidente del patronato del CRIVER reconoci\u00f3 la presencia de las autoridades municipales y lo que ello significa para las acciones que realiza el Centro de Rehabilitaci\u00f3n.<\/p>\n\n\n\n<p>\u201cNosotros atendemos a m\u00e1s de 100 municipios en la zona centro del estado de Veracruz, a donde otorgamos casi 90 mil servicios a\u00f1o y atendemos a m\u00e1s de cinco mil ni\u00f1os durante todo el a\u00f1o. En el caso de Boca del R\u00edo que es la segunda ciudad en importancia, atendemos a m\u00e1s de 600 ni\u00f1os y algunos adultos\u201d.<\/p>\n\n\n\n<p>Estuvieron presentes funcionarios municipales as\u00ed como integrantes del patronato del CRIVER.<\/p>\n","protected":false},"excerpt":{"rendered":"<p>Redacci\u00f3n Boca del R\u00edo, Ver.- El alcalde Juan Manuel de Un\u00e1nue Abascal reiter\u00f3 el compromiso de la administraci\u00f3n a su cargo para apoyar las acciones que realiza el Centro de Rehabilitaci\u00f3n Infantil de Veracruz (CRIVER). Acompa\u00f1ado de la se\u00f1ora Melina Rivera de Un\u00e1nue presidenta del DIF Municipal, el alcalde boque\u00f1o firm\u00f3 un convenio de colaboraci\u00f3n [&hellip;]<\/p>\n","protected":false},"author":1,"featured_media":26152,"comment_status":"open","ping_status":"open","sticky":false,"template":"","format":"standard","meta":{"_jetpack_memberships_contains_paid_content":false,"footnotes":""},"categories":[2],"tags":[],"class_list":["post-26151","post","type-post","status-publish","format-standard","has-post-thumbnail","hentry","category-estado"],"jetpack_featured_media_url":"https:\/\/encuentroinformativo.com.mx\/wp-content\/uploads\/2022\/04\/20A4B614-C506-4BA5-AA56-C3EEBD61FE66.jpeg","jetpack_sharing_enabled":true,"jetpack_likes_enabled":true,"amp_enabled":true,"_links":{"self":[{"href":"https:\/\/encuentroinformativo.com.mx\/index.php?rest_route=\/wp\/v2\/posts\/26151","targetHints":{"allow":["GET"]}}],"collection":[{"href":"https:\/\/encuentroinformativo.com.mx\/index.php?rest_route=\/wp\/v2\/posts"}],"about":[{"href":"https:\/\/encuentroinformativo.com.mx\/index.php?rest_route=\/wp\/v2\/types\/post"}],"author":[{"embeddable":true,"href":"https:\/\/encuentroinformativo.com.mx\/index.php?rest_route=\/wp\/v2\/users\/1"}],"replies":[{"embeddable":true,"href":"https:\/\/encuentroinformativo.com.mx\/index.php?rest_route=%2Fwp%2Fv2%2Fcomments&post=26151"}],"version-history":[{"count":1,"href":"https:\/\/encuentroinformativo.com.mx\/index.php?rest_route=\/wp\/v2\/posts\/26151\/revisions"}],"predecessor-version":[{"id":26153,"href":"https:\/\/encuentroinformativo.com.mx\/index.php?rest_route=\/wp\/v2\/posts\/26151\/revisions\/26153"}],"wp:featuredmedia":[{"embeddable":true,"href":"https:\/\/encuentroinformativo.com.mx\/index.php?rest_route=\/wp\/v2\/media\/26152"}],"wp:attachment":[{"href":"https:\/\/encuentroinformativo.com.mx\/index.php?rest_route=%2Fwp%2Fv2%2Fmedia&parent=26151"}],"wp:term":[{"taxonomy":"category","embeddable":true,"href":"https:\/\/encuentroinformativo.com.mx\/index.php?rest_route=%2Fwp%2Fv2%2Fcategories&post=26151"},{"taxonomy":"post_tag","embeddable":true,"href":"https:\/\/encuentroinformativo.com.mx\/index.php?rest_route=%2Fwp%2Fv2%2Ftags&post=26151"}],"curies":[{"name":"wp","href":"https:\/\/api.w.org\/{rel}","templated":true}]}}