{"id":26157,"date":"2022-04-19T15:35:50","date_gmt":"2022-04-19T20:35:50","guid":{"rendered":"https:\/\/encuentroinformativo.com.mx\/?p=26157"},"modified":"2022-04-19T15:35:54","modified_gmt":"2022-04-19T20:35:54","slug":"proximo-viernes-conferencia-mananera-se-realizara-desde-veracruz-puerto","status":"publish","type":"post","link":"https:\/\/encuentroinformativo.com.mx\/?p=26157","title":{"rendered":"Pr\u00f3ximo viernes, conferencia &#8220;Ma\u00f1anera&#8221; se realizar\u00e1 desde Veracruz puerto"},"content":{"rendered":"\n<p><strong>Alejandro \u00c1vila<\/strong><\/p>\n\n\n\n<p>Veracruz, Ver.- El pr\u00f3ximo viernes 22 de abril, el presidente de la rep\u00fablica, Andr\u00e9s Manuel L\u00f3pez Obrador dar\u00e1 su conferencia &#8220;Ma\u00f1anera&#8221; en la ciudad de Veracruz, tras reuniones con la Secretar\u00eda de Marina.<\/p>\n\n\n\n<p>El Ejecutivo Federal llegar\u00e1 a la ciudad de Veracruz v\u00eda a\u00e9rea el pr\u00f3ximo jueves por la tarde, para posteriormente sostener su primera reuni\u00f3n.<\/p>\n\n\n\n<p>&#8220;Obviamente va a venir a eventos con la Marina, a un acto protocolario qu\u00e9 se celebra en estas fechas, va a estar con unos inversionistas extranjeros revisando algunas iniciativas de inversi\u00f3n que hay, tanto para esta regi\u00f3n, en particular con la empresa Constellation Brands, y con otras empresas o empresarios de fuera del pa\u00eds, qu\u00e9 quiere invertir en la zona del Transismico, los va a atender por esta regi\u00f3n (\u2026) llega el jueves a su primer evento, el viernes estar\u00e1 en &#8220;La Ma\u00f1anera&#8221; aqu\u00ed en el puerto de Veracruz, la reuni\u00f3n de seguridad previa y de aqu\u00ed nos vamos a recorrer las carreteras&#8221;, apunt\u00f3 Manuel Huerta Ladr\u00f3n de Guevara, delegado Federal.<\/p>\n\n\n\n<p>Uno de los puntos principales durante su visita por Veracruz, ser\u00e1 platicar con los ejidatarios de la localidad de Paso Largo perteneciente al municipio de Mart\u00ednez de la Torre, a qui\u00e9nes les prometi\u00f3 beneficios s\u00ed acced\u00edan a liberar el tramo para concluir la autopista Cardel &#8211; Poza Rica.<\/p>\n\n\n\n<p>&#8220;Viene a revisar si aplicamos bien el Plan Integral, si se le cumpli\u00f3 a la gente lo que se le prometi\u00f3, tanto en mitigaci\u00f3n de riesgo, como de los programas sociales integrales que ah\u00ed se aplicaron, y cierra la gira el d\u00eda s\u00e1bado revisando a la carretera de Poza Rica a Ozuluama&#8221;, culmin\u00f3.<\/p>\n","protected":false},"excerpt":{"rendered":"<p>Alejandro \u00c1vila Veracruz, Ver.- El pr\u00f3ximo viernes 22 de abril, el presidente de la rep\u00fablica, Andr\u00e9s Manuel L\u00f3pez Obrador dar\u00e1 su conferencia &#8220;Ma\u00f1anera&#8221; en la ciudad de Veracruz, tras reuniones con la Secretar\u00eda de Marina. El Ejecutivo Federal llegar\u00e1 a la ciudad de Veracruz v\u00eda a\u00e9rea el pr\u00f3ximo jueves por la tarde, para posteriormente sostener [&hellip;]<\/p>\n","protected":false},"author":1,"featured_media":26158,"comment_status":"open","ping_status":"open","sticky":false,"template":"","format":"standard","meta":{"_jetpack_memberships_contains_paid_content":false,"footnotes":""},"categories":[2],"tags":[],"class_list":["post-26157","post","type-post","status-publish","format-standard","has-post-thumbnail","hentry","category-estado"],"jetpack_featured_media_url":"https:\/\/encuentroinformativo.com.mx\/wp-content\/uploads\/2022\/04\/F87F1703-DC36-4CF0-9FED-56DCA25DA168.jpeg","jetpack_sharing_enabled":true,"jetpack_likes_enabled":true,"amp_enabled":true,"_links":{"self":[{"href":"https:\/\/encuentroinformativo.com.mx\/index.php?rest_route=\/wp\/v2\/posts\/26157","targetHints":{"allow":["GET"]}}],"collection":[{"href":"https:\/\/encuentroinformativo.com.mx\/index.php?rest_route=\/wp\/v2\/posts"}],"about":[{"href":"https:\/\/encuentroinformativo.com.mx\/index.php?rest_route=\/wp\/v2\/types\/post"}],"author":[{"embeddable":true,"href":"https:\/\/encuentroinformativo.com.mx\/index.php?rest_route=\/wp\/v2\/users\/1"}],"replies":[{"embeddable":true,"href":"https:\/\/encuentroinformativo.com.mx\/index.php?rest_route=%2Fwp%2Fv2%2Fcomments&post=26157"}],"version-history":[{"count":1,"href":"https:\/\/encuentroinformativo.com.mx\/index.php?rest_route=\/wp\/v2\/posts\/26157\/revisions"}],"predecessor-version":[{"id":26159,"href":"https:\/\/encuentroinformativo.com.mx\/index.php?rest_route=\/wp\/v2\/posts\/26157\/revisions\/26159"}],"wp:featuredmedia":[{"embeddable":true,"href":"https:\/\/encuentroinformativo.com.mx\/index.php?rest_route=\/wp\/v2\/media\/26158"}],"wp:attachment":[{"href":"https:\/\/encuentroinformativo.com.mx\/index.php?rest_route=%2Fwp%2Fv2%2Fmedia&parent=26157"}],"wp:term":[{"taxonomy":"category","embeddable":true,"href":"https:\/\/encuentroinformativo.com.mx\/index.php?rest_route=%2Fwp%2Fv2%2Fcategories&post=26157"},{"taxonomy":"post_tag","embeddable":true,"href":"https:\/\/encuentroinformativo.com.mx\/index.php?rest_route=%2Fwp%2Fv2%2Ftags&post=26157"}],"curies":[{"name":"wp","href":"https:\/\/api.w.org\/{rel}","templated":true}]}}