{"id":26160,"date":"2022-04-19T16:31:33","date_gmt":"2022-04-19T21:31:33","guid":{"rendered":"https:\/\/encuentroinformativo.com.mx\/?p=26160"},"modified":"2022-04-19T16:31:36","modified_gmt":"2022-04-19T21:31:36","slug":"aprueba-comision-convocatoria-para-el-premio-al-merito-ambiental","status":"publish","type":"post","link":"https:\/\/encuentroinformativo.com.mx\/?p=26160","title":{"rendered":"Aprueba Comisi\u00f3n convocatoria para el Premio al M\u00e9rito Ambiental"},"content":{"rendered":"\n<p><strong>*La recepci\u00f3n de propuestas ser\u00e1 del 25 al 29 de abril, de 09:00 a 17:00 horas, en la oficina del diputado Paul Mart\u00ednez Marie.<\/strong><\/p>\n\n\n\n<p>Xalapa, Ver.- Con el objeto de reconocer a la persona f\u00edsica o moral, e inclusive municipio, que se distinga por sus acciones y haya contribuido en la defensa y mejora del entorno natural, la Comisi\u00f3n Permanente de Medio Ambiente, Recursos Naturales y Cambio Clim\u00e1tico de la LXVI Legislatura aprob\u00f3 y present\u00f3 la convocatoria respectiva, con las bases y disposiciones que regir\u00e1n este proceso.<\/p>\n\n\n\n<p>Al reunirse en la Sala de Juntas \u201cJes\u00fas Reyes Heroles\u201d, ante el titular de la Secretar\u00eda de Medio Ambiente (Sedema) del estado, Juan Carlos Contreras Bautista, y representantes de diversas organizaciones sociales, el diputado Paul Mart\u00ednez Marie y las legisladoras Nora J\u00e9ssica Lagunes J\u00e1uregui y Gisela L\u00f3pez L\u00f3pez, presidente, secretaria y vocal de la citada comisi\u00f3n, respectivamente, avalaron el documento.<\/p>\n\n\n\n<p>Esta distinci\u00f3n, prevista en el Cap\u00edtulo Noveno de la Ley de Premios del Estado de Veracruz titulado \u201cDe la Medalla al M\u00e9rito por la Defensa y Mejora del Medio Ambiente\u201d, reconoce a todas las personas f\u00edsicas o morales e inclusive municipios, cuya trayectoria, actividad, intervenci\u00f3n o aportaci\u00f3n contribuya de manera ejemplar a la prevenci\u00f3n, conservaci\u00f3n o restauraci\u00f3n en ecosistemas que est\u00e9n en peligro de degradaci\u00f3n dentro del territorio veracruzano.<\/p>\n\n\n\n<p>De acuerdo con la convocatoria, avalada por el legislador y por las diputadas, las propuestas deber\u00e1n presentarse por escrito y ser\u00e1n recibidas en la oficina del diputado Paul Mart\u00ednez Marie, ubicada en el edificio D del Palacio Legislativo. El periodo para presentar las propuestas comprende del 25 al 29 de abril de este a\u00f1o, de 09:00 a 17:00 horas.<\/p>\n\n\n\n<p>La informaci\u00f3n que debe adjuntarse, de forma electr\u00f3nica, consiste en: datos personales y de contacto del candidato o candidata, una semblanza y una exposici\u00f3n de motivos en la que se manifiesten los argumentos v\u00e1lidos por los cuales se considere al acreedor o acreedora a la medalla.<\/p>\n\n\n\n<p>Tambi\u00e9n, una rese\u00f1a en la que deber\u00e1 exponerse la trayectoria, conocimientos, acciones, logros o m\u00e9ritos que le son atribuibles. Deber\u00e1 se\u00f1alarse de manera clara y objetiva las acciones emprendidas, objetivos alcanzados y c\u00f3mo se considera que \u00e9stas han ayudado en la prevenci\u00f3n, conservaci\u00f3n y restauraci\u00f3n del medio ambiente.<\/p>\n\n\n\n<p>Concluida la vigencia de la convocatoria, la Comisi\u00f3n seleccionar\u00e1, de entre las propuestas, a tres que a su juicio sean las de mayor m\u00e9rito para recibir la distinci\u00f3n, razonando y motivando su decisi\u00f3n.<\/p>\n\n\n\n<p>El Dictamen se someter\u00e1 a la consideraci\u00f3n del Pleno del Congreso, que determinar\u00e1 a qui\u00e9n le otorga la Medalla. De no recibir propuesta alguna, la Comisi\u00f3n emitir\u00e1 el anteproyecto, en el cual se declarar\u00e1 desierto el otorgamiento de la medalla para el a\u00f1o 2022.<\/p>\n\n\n\n<p>La Medalla al M\u00e9rito por la Defensa y Mejora del Medio Ambiente debe ser entregada el 5 de junio de cada a\u00f1o en sesi\u00f3n solemne del Congreso del Estado, con la presencia de los titulares de los poderes Ejecutivo y Judicial del estado. Asimismo, se entregar\u00e1 al merecedor o merecedora de la Medalla y un diploma en el que se expresen las razones por las cuales se le confiere esta distinci\u00f3n.<\/p>\n\n\n\n<p>A la reuni\u00f3n asistieron Alma Edith L\u00f3pez Hern\u00e1ndez y Geovanni Montiel Hern\u00e1ndez, presidenta y director, respectivamente, de GIDCA, A. C.; Alejandra Contreras Caso, presidenta de la asociaci\u00f3n Somos M\u00e1s Unidos; Fabiola Sandoval Salas, directora acad\u00e9mica del Instituto Tecnol\u00f3gico de Perote e investigadora de proyectos en beneficio del medio ambiente; Graciano Illescas T\u00e9llez, presidente del Grupo Intermunicipal de Ambientalistas A. C., y Alba Lilia Jim\u00e9nez Ruiz, directora de la Red de Mujeres Transformando Ideas.<\/p>\n\n\n\n<p>Asimismo, Felipe Gabriel Landa, director de Medio Ambiente del Ayuntamiento de Banderilla; Teodoro Bravo Gabriel, de la sociedad civil organizada Reforestando Cuencas, as\u00ed como Alma Lucero S\u00e1nchez Herrera, presidenta de la Organizaci\u00f3n Democr\u00e1tica Mundial por el Desarrollo de M\u00e9xico, y los integrantes de la misma, Salom\u00f3n de la Cruz Leyva, Carlos Alfredo Flores Gonz\u00e1lez y Alexis Herrera Aparicio.<\/p>\n","protected":false},"excerpt":{"rendered":"<p>*La recepci\u00f3n de propuestas ser\u00e1 del 25 al 29 de abril, de 09:00 a 17:00 horas, en la oficina del diputado Paul Mart\u00ednez Marie. Xalapa, Ver.- Con el objeto de reconocer a la persona f\u00edsica o moral, e inclusive municipio, que se distinga por sus acciones y haya contribuido en la defensa y mejora del [&hellip;]<\/p>\n","protected":false},"author":1,"featured_media":26161,"comment_status":"open","ping_status":"open","sticky":false,"template":"","format":"standard","meta":{"_jetpack_memberships_contains_paid_content":false,"footnotes":""},"categories":[2],"tags":[],"class_list":["post-26160","post","type-post","status-publish","format-standard","has-post-thumbnail","hentry","category-estado"],"jetpack_featured_media_url":"https:\/\/encuentroinformativo.com.mx\/wp-content\/uploads\/2022\/04\/571BE2AD-A20F-411A-A0AA-CFDD0427A07D.jpeg","jetpack_sharing_enabled":true,"jetpack_likes_enabled":true,"amp_enabled":true,"_links":{"self":[{"href":"https:\/\/encuentroinformativo.com.mx\/index.php?rest_route=\/wp\/v2\/posts\/26160","targetHints":{"allow":["GET"]}}],"collection":[{"href":"https:\/\/encuentroinformativo.com.mx\/index.php?rest_route=\/wp\/v2\/posts"}],"about":[{"href":"https:\/\/encuentroinformativo.com.mx\/index.php?rest_route=\/wp\/v2\/types\/post"}],"author":[{"embeddable":true,"href":"https:\/\/encuentroinformativo.com.mx\/index.php?rest_route=\/wp\/v2\/users\/1"}],"replies":[{"embeddable":true,"href":"https:\/\/encuentroinformativo.com.mx\/index.php?rest_route=%2Fwp%2Fv2%2Fcomments&post=26160"}],"version-history":[{"count":1,"href":"https:\/\/encuentroinformativo.com.mx\/index.php?rest_route=\/wp\/v2\/posts\/26160\/revisions"}],"predecessor-version":[{"id":26162,"href":"https:\/\/encuentroinformativo.com.mx\/index.php?rest_route=\/wp\/v2\/posts\/26160\/revisions\/26162"}],"wp:featuredmedia":[{"embeddable":true,"href":"https:\/\/encuentroinformativo.com.mx\/index.php?rest_route=\/wp\/v2\/media\/26161"}],"wp:attachment":[{"href":"https:\/\/encuentroinformativo.com.mx\/index.php?rest_route=%2Fwp%2Fv2%2Fmedia&parent=26160"}],"wp:term":[{"taxonomy":"category","embeddable":true,"href":"https:\/\/encuentroinformativo.com.mx\/index.php?rest_route=%2Fwp%2Fv2%2Fcategories&post=26160"},{"taxonomy":"post_tag","embeddable":true,"href":"https:\/\/encuentroinformativo.com.mx\/index.php?rest_route=%2Fwp%2Fv2%2Ftags&post=26160"}],"curies":[{"name":"wp","href":"https:\/\/api.w.org\/{rel}","templated":true}]}}