{"id":26169,"date":"2022-04-19T21:15:28","date_gmt":"2022-04-20T02:15:28","guid":{"rendered":"https:\/\/encuentroinformativo.com.mx\/?p=26169"},"modified":"2022-04-20T10:17:09","modified_gmt":"2022-04-20T15:17:09","slug":"arranco-feria-xalapena-de-libros","status":"publish","type":"post","link":"https:\/\/encuentroinformativo.com.mx\/?p=26169","title":{"rendered":"Arranc\u00f3 Feria Xalape\u00f1a de Libros"},"content":{"rendered":"\n<p>Xalapa, Ver.- La 13\u00aa edici\u00f3n de la Feria Xalape\u00f1a del Libro ser\u00e1 dedicada a\u00a0Don Quijote de La Mancha, estar\u00e1 en el parque Ju\u00e1rez desde este martes hasta el primero de mayo, con presentaciones art\u00edsticas y culturales donde participan librer\u00edas independientes que ofrecen diversa variedad de libros nuevos y usados.<\/p>\n\n\n\n<figure class=\"wp-block-image size-large\"><img loading=\"lazy\" decoding=\"async\" width=\"1024\" height=\"683\" src=\"https:\/\/encuentroinformativo.com.mx\/wp-content\/uploads\/2022\/04\/59C09A64-0070-4A56-9ADA-8F446BD30EBA-1024x683.jpeg\" alt=\"\" class=\"wp-image-26171\" srcset=\"https:\/\/encuentroinformativo.com.mx\/wp-content\/uploads\/2022\/04\/59C09A64-0070-4A56-9ADA-8F446BD30EBA-1024x683.jpeg 1024w, https:\/\/encuentroinformativo.com.mx\/wp-content\/uploads\/2022\/04\/59C09A64-0070-4A56-9ADA-8F446BD30EBA-300x200.jpeg 300w, https:\/\/encuentroinformativo.com.mx\/wp-content\/uploads\/2022\/04\/59C09A64-0070-4A56-9ADA-8F446BD30EBA-768x512.jpeg 768w, https:\/\/encuentroinformativo.com.mx\/wp-content\/uploads\/2022\/04\/59C09A64-0070-4A56-9ADA-8F446BD30EBA.jpeg 1488w\" sizes=\"auto, (max-width: 1024px) 100vw, 1024px\" \/><\/figure>\n\n\n\n<figure class=\"wp-block-image size-large\"><img loading=\"lazy\" decoding=\"async\" width=\"1024\" height=\"683\" src=\"https:\/\/encuentroinformativo.com.mx\/wp-content\/uploads\/2022\/04\/95ABD21C-C15F-4105-B7D5-A2BAB98561BC-1024x683.jpeg\" alt=\"\" class=\"wp-image-26172\" srcset=\"https:\/\/encuentroinformativo.com.mx\/wp-content\/uploads\/2022\/04\/95ABD21C-C15F-4105-B7D5-A2BAB98561BC-1024x683.jpeg 1024w, https:\/\/encuentroinformativo.com.mx\/wp-content\/uploads\/2022\/04\/95ABD21C-C15F-4105-B7D5-A2BAB98561BC-300x200.jpeg 300w, https:\/\/encuentroinformativo.com.mx\/wp-content\/uploads\/2022\/04\/95ABD21C-C15F-4105-B7D5-A2BAB98561BC-768x512.jpeg 768w, https:\/\/encuentroinformativo.com.mx\/wp-content\/uploads\/2022\/04\/95ABD21C-C15F-4105-B7D5-A2BAB98561BC.jpeg 1488w\" sizes=\"auto, (max-width: 1024px) 100vw, 1024px\" \/><\/figure>\n","protected":false},"excerpt":{"rendered":"<p>Xalapa, Ver.- La 13\u00aa edici\u00f3n de la Feria Xalape\u00f1a del Libro ser\u00e1 dedicada a\u00a0Don Quijote de La Mancha, estar\u00e1 en el parque Ju\u00e1rez desde este martes hasta el primero de mayo, con presentaciones art\u00edsticas y culturales donde participan librer\u00edas independientes que ofrecen diversa variedad de libros nuevos y usados.<\/p>\n","protected":false},"author":1,"featured_media":26170,"comment_status":"open","ping_status":"open","sticky":false,"template":"","format":"standard","meta":{"_jetpack_memberships_contains_paid_content":false,"footnotes":""},"categories":[3],"tags":[],"class_list":["post-26169","post","type-post","status-publish","format-standard","has-post-thumbnail","hentry","category-xalapa"],"jetpack_featured_media_url":"https:\/\/encuentroinformativo.com.mx\/wp-content\/uploads\/2022\/04\/30750AB6-E238-4096-8E7B-AEB77CACDC50.jpeg","jetpack_sharing_enabled":true,"jetpack_likes_enabled":true,"amp_enabled":true,"_links":{"self":[{"href":"https:\/\/encuentroinformativo.com.mx\/index.php?rest_route=\/wp\/v2\/posts\/26169","targetHints":{"allow":["GET"]}}],"collection":[{"href":"https:\/\/encuentroinformativo.com.mx\/index.php?rest_route=\/wp\/v2\/posts"}],"about":[{"href":"https:\/\/encuentroinformativo.com.mx\/index.php?rest_route=\/wp\/v2\/types\/post"}],"author":[{"embeddable":true,"href":"https:\/\/encuentroinformativo.com.mx\/index.php?rest_route=\/wp\/v2\/users\/1"}],"replies":[{"embeddable":true,"href":"https:\/\/encuentroinformativo.com.mx\/index.php?rest_route=%2Fwp%2Fv2%2Fcomments&post=26169"}],"version-history":[{"count":2,"href":"https:\/\/encuentroinformativo.com.mx\/index.php?rest_route=\/wp\/v2\/posts\/26169\/revisions"}],"predecessor-version":[{"id":26185,"href":"https:\/\/encuentroinformativo.com.mx\/index.php?rest_route=\/wp\/v2\/posts\/26169\/revisions\/26185"}],"wp:featuredmedia":[{"embeddable":true,"href":"https:\/\/encuentroinformativo.com.mx\/index.php?rest_route=\/wp\/v2\/media\/26170"}],"wp:attachment":[{"href":"https:\/\/encuentroinformativo.com.mx\/index.php?rest_route=%2Fwp%2Fv2%2Fmedia&parent=26169"}],"wp:term":[{"taxonomy":"category","embeddable":true,"href":"https:\/\/encuentroinformativo.com.mx\/index.php?rest_route=%2Fwp%2Fv2%2Fcategories&post=26169"},{"taxonomy":"post_tag","embeddable":true,"href":"https:\/\/encuentroinformativo.com.mx\/index.php?rest_route=%2Fwp%2Fv2%2Ftags&post=26169"}],"curies":[{"name":"wp","href":"https:\/\/api.w.org\/{rel}","templated":true}]}}