{"id":26177,"date":"2022-04-19T21:33:59","date_gmt":"2022-04-20T02:33:59","guid":{"rendered":"https:\/\/encuentroinformativo.com.mx\/?p=26177"},"modified":"2022-04-19T21:34:03","modified_gmt":"2022-04-20T02:34:03","slug":"plantea-comision-estrategias-de-desarrollo-ordenamiento-y-vivienda-para-los-veracruzanos","status":"publish","type":"post","link":"https:\/\/encuentroinformativo.com.mx\/?p=26177","title":{"rendered":"Plantea Comisi\u00f3n estrategias de desarrollo, ordenamiento y vivienda para los veracruzanos"},"content":{"rendered":"\n<p><strong>*Realizar\u00e1, con los tres \u00f3rdenes de gobierno, un trabajo coordinado que priorice igualdad, inclusi\u00f3n y participaci\u00f3n con la sociedad.<\/strong><\/p>\n\n\n\n<p>Xalapa, Ver.- Generar un marco normativo basado en un modelo de desarrollo territorial justo, equilibrado y sostenible, promover el desarrollo integral en los sistemas urbanos, rurales y en las zonas metropolitanas e impulsar una pol\u00edtica de vivienda adecuada son algunos de los objetivos plasmados por la Comisi\u00f3n Permanente de Desarrollo Urbano, Ordenamiento Territorial, Vivienda y Fundo Legal de la LXVI Legislatura en su Programa Anual de Trabajo.<\/p>\n\n\n\n<p>El legislador Gonzalo Dur\u00e1n Chincoya y la diputada Lidia Irma Mezhua Campos, presidente y vocal, respectivamente, de dicha instancia, coincidieron en la necesidad de realizar un trabajo coordinado con las autoridades de los tres \u00f3rdenes de gobierno que coadyuve en la igualdad, inclusi\u00f3n y participaci\u00f3n con la sociedad.<\/p>\n\n\n\n<p>Al respecto, y con la presencia del titular de la Secretar\u00eda de Desarrollo Social (Sedesol) del estado, Guillermo Fern\u00e1ndez S\u00e1nchez, destacaron priorizar el acceso a la tierra, atenci\u00f3n a las necesidades b\u00e1sicas de vivienda y de desarrollo urbano, disminuci\u00f3n de asentamientos en zonas de riesgo y el acceso de los derechos de la tierra a grupos vulnerables y de alta marginaci\u00f3n, entre otros.<\/p>\n\n\n\n<p>Para tal fin, el documento propone realizar un an\u00e1lisis del Programa Nacional de Ordenamiento Territorial y Desarrollo Urbano 2021-2024 expedido por Ejecutivo federal, estudiar y dictaminar de manera puntual las iniciativas y minutas con proyecto de decreto que sean remitidas por la Mesa Directiva y armonizar la Gesti\u00f3n Integral de Riesgo (GIR) en la Ley de Desarrollo Urbano, Ordenamiento Territorial y Vivienda para el Estado de Veracruz.<\/p>\n\n\n\n<p>Del mismo modo, prev\u00e9 realizar una consulta p\u00fablica respecto del Programa de Ordenamiento Territorial de la zona metropolitana de Veracruz e integrar un archivo de las solicitudes de ayuntamientos y particulares relativos a la materia, priorizando a aquellos ciudadanos provenientes de los municipios considerados como de extrema pobreza para la obtenci\u00f3n de sus t\u00edtulos de propiedad.<\/p>\n\n\n\n<p>Finalmente, contempla promover reuniones de trabajo con funcionarios federales relacionados con la materia, de la Procuradur\u00eda Agraria, del Registro Agrario Nacional y del Tribunal Agrario, con el objetivo de lograr acuerdos y armonizar las leyes correspondientes; adem\u00e1s de promover mesas de trabajo y capacitaciones con ejidatarios y sociedad civil que aporten propuestas para beneficio de la poblaci\u00f3n.<\/p>\n\n\n\n<p>Tras la aprobaci\u00f3n del documento, la instancia legislativa dio paso a la primera mesa de trabajo, donde autoridades estatales y federales coincidieron en sumar voluntades y dar soluci\u00f3n a problem\u00e1ticas en la materia, que por a\u00f1os, han afectado la certeza legal de cientos de veracruzanos.<\/p>\n\n\n\n<p>A este acto asistieron la diputada Illya Dolores Escobar Mart\u00ednez y el diputado Marco Antonio Mart\u00ednez Amador; el subsecretario de Desarrollo Regional de la Sedesol, Rolando Ram\u00edrez S\u00e1nchez, y dem\u00e1s autoridades estatales, as\u00ed como el Delegado del Registro Agrario Nacional (RAN) en Veracruz, Javier Sandoval Garc\u00eda, y el Delegado de la Procuradur\u00eda Agraria en Veracruz, Vinicio Zamudio Figueroa.<\/p>\n\n\n\n<p>Tambi\u00e9n el encargado del \u00e1rea jur\u00eddica de la Secretar\u00eda de Desarrollo, Territorial y Urbano, Delegaci\u00f3n Veracruz, Dami\u00e1n G\u00f3mez Fern\u00e1ndez, y el subdirector del Instituto Veracruzano de Asuntos Ind\u00edgenas, Pedro de Jes\u00fas Jer\u00f3nimo Mateo. Por parte del Congreso del Estado, titular del Departamento de Fundo Legal, Virna Edith Frizzi Quirasco.<\/p>\n","protected":false},"excerpt":{"rendered":"<p>*Realizar\u00e1, con los tres \u00f3rdenes de gobierno, un trabajo coordinado que priorice igualdad, inclusi\u00f3n y participaci\u00f3n con la sociedad. Xalapa, Ver.- Generar un marco normativo basado en un modelo de desarrollo territorial justo, equilibrado y sostenible, promover el desarrollo integral en los sistemas urbanos, rurales y en las zonas metropolitanas e impulsar una pol\u00edtica de [&hellip;]<\/p>\n","protected":false},"author":1,"featured_media":26178,"comment_status":"open","ping_status":"open","sticky":false,"template":"","format":"standard","meta":{"_jetpack_memberships_contains_paid_content":false,"footnotes":""},"categories":[2],"tags":[],"class_list":["post-26177","post","type-post","status-publish","format-standard","has-post-thumbnail","hentry","category-estado"],"jetpack_featured_media_url":"https:\/\/encuentroinformativo.com.mx\/wp-content\/uploads\/2022\/04\/3B73BD15-B331-47DA-AAA0-BBDC944E672C.jpeg","jetpack_sharing_enabled":true,"jetpack_likes_enabled":true,"amp_enabled":true,"_links":{"self":[{"href":"https:\/\/encuentroinformativo.com.mx\/index.php?rest_route=\/wp\/v2\/posts\/26177","targetHints":{"allow":["GET"]}}],"collection":[{"href":"https:\/\/encuentroinformativo.com.mx\/index.php?rest_route=\/wp\/v2\/posts"}],"about":[{"href":"https:\/\/encuentroinformativo.com.mx\/index.php?rest_route=\/wp\/v2\/types\/post"}],"author":[{"embeddable":true,"href":"https:\/\/encuentroinformativo.com.mx\/index.php?rest_route=\/wp\/v2\/users\/1"}],"replies":[{"embeddable":true,"href":"https:\/\/encuentroinformativo.com.mx\/index.php?rest_route=%2Fwp%2Fv2%2Fcomments&post=26177"}],"version-history":[{"count":1,"href":"https:\/\/encuentroinformativo.com.mx\/index.php?rest_route=\/wp\/v2\/posts\/26177\/revisions"}],"predecessor-version":[{"id":26179,"href":"https:\/\/encuentroinformativo.com.mx\/index.php?rest_route=\/wp\/v2\/posts\/26177\/revisions\/26179"}],"wp:featuredmedia":[{"embeddable":true,"href":"https:\/\/encuentroinformativo.com.mx\/index.php?rest_route=\/wp\/v2\/media\/26178"}],"wp:attachment":[{"href":"https:\/\/encuentroinformativo.com.mx\/index.php?rest_route=%2Fwp%2Fv2%2Fmedia&parent=26177"}],"wp:term":[{"taxonomy":"category","embeddable":true,"href":"https:\/\/encuentroinformativo.com.mx\/index.php?rest_route=%2Fwp%2Fv2%2Fcategories&post=26177"},{"taxonomy":"post_tag","embeddable":true,"href":"https:\/\/encuentroinformativo.com.mx\/index.php?rest_route=%2Fwp%2Fv2%2Ftags&post=26177"}],"curies":[{"name":"wp","href":"https:\/\/api.w.org\/{rel}","templated":true}]}}