{"id":26183,"date":"2022-04-20T09:55:55","date_gmt":"2022-04-20T14:55:55","guid":{"rendered":"https:\/\/encuentroinformativo.com.mx\/?p=26183"},"modified":"2022-04-20T09:55:59","modified_gmt":"2022-04-20T14:55:59","slug":"el-lado-oscuro-de-morena","status":"publish","type":"post","link":"https:\/\/encuentroinformativo.com.mx\/?p=26183","title":{"rendered":"El lado oscuro de Morena"},"content":{"rendered":"\n<p><strong>Los Pol\u00edticos<\/strong><\/p>\n\n\n\n<p><strong>Salvador Mu\u00f1oz<\/strong><\/p>\n\n\n\n<p>Antes que nada, nuestra solidaridad con la veracruzana, con la periodista, con la diputada Maryjose Gamboa Torales, a quien la ma\u00f1ana de ayer intentaron amedrentar\u2026 ocasionaron da\u00f1o a su veh\u00edculo y despu\u00e9s fue v\u00edctima de robo. Digo que \u201cintentaron amedrentar\u201d porque a esa mujer le sobra mucho de lo que le falta a quienes han querido siempre callarla o someterla\u2026 \u00a1miren que tomar imagen del c\u00f3mplice de quien les rob\u00f3 as\u00ed como del carro en que huyeron sin tomar en cuenta que pudo haber sido agredida de otra forma! \u00c9se es el car\u00e1cter de Maryjose: entrona, echada p\u2019adelante, que en su diccionario pol\u00edtico no est\u00e1 el Rajarse.<\/p>\n\n\n\n<p>Ojal\u00e1 que esa demanda que hace Maryjose al Presidente Andr\u00e9s Manuel L\u00f3pez Obrador para que cesen las amenazas, el hostigamiento, la persecuci\u00f3n que desde las Ma\u00f1aneras, todos los d\u00edas, fomenta AMLO contra quien no piensa como \u00e9l, se haga realidad\u2026<\/p>\n\n\n\n<p>Ojal\u00e1 que el reclamo para la Jefa de Gobierno de la Ciudad de M\u00e9xico, Claudia Sheinbaum, por la inseguridad, sea escuchado\u2026<\/p>\n\n\n\n<p>Ojal\u00e1 que ese evento tan desafortunado para Maryjose y su marido, aunque suene trillado, sea \u201cun hecho aislado\u201d, como gustan pontificar los sucesos delincuenciales en Veracruz, y no estemos viviendo el lado oscuro de Morena al extremo de que se ataque, se acose, se persiga a quien, como bien dice Maryjose, piensa diferente al Presidente del Odio\u2026<\/p>\n\n\n\n<p>Quiz\u00e1s AMLO no se da cuenta de lo que hace (aunque lo peor es que lo haga intencionalmente), pero su discurso, lejos de unir a una naci\u00f3n, la divide, la separa, la enfrenta\u2026 y no s\u00f3lo morenos contra pri\u00edstas, panistas, perredistas y naranjas\u2026 su semilla de rencor la ha puesto incluso en Morenos contra Morenos\u2026<\/p>\n\n\n\n<p>Basta escuchar a quien ocupa el cargo (aunque no lo desempe\u00f1e) de Secretario de Gobierno, despotricando contra otro Moreno\u2026&nbsp; no se escucha a un pol\u00edtico, sino a una persona llena de frustraci\u00f3n, negativa, oscura, echando pestes de quien dice que no es \u201cPuro\u201d, que no entiende \u201cel Movimiento\u201d&#8230; como si Bartlett lo fuera, como si Mier Velazco lo fuera, como si el mismo L\u00f3pez Obrador lo fuera\u2026 \u00a1vamos! como si Eric Cisneros no recordara que surgi\u00f3 en Movimiento Ciudadano\u2026<\/p>\n\n\n\n<p>Y mientras escup\u00eda para arriba Bola 8, Sergio Guti\u00e9rrez Luna deseaba parabienes por su cumplea\u00f1os a Cuitl\u00e1huac Garc\u00eda\u2026 la cortes\u00eda, la educaci\u00f3n, pero sobre todo, el pol\u00edtico siendo pol\u00edtico.<\/p>\n\n\n\n<p>Es evidente que a Bola 8 le gustan los guantes negros, los de Box\u2026 por el otro lado, Guti\u00e9rrez Luna gusta del guante blanco\u2026 tanto, que al d\u00eda siguiente San L\u00e1zaro pas\u00f3 a ser parte de Veracruz durante la muestra gastron\u00f3mica, cultural, artesanal que tuvo como apellido \u201cEsplendor del Golfo de M\u00e9xico\u201d.<\/p>\n\n\n\n<p>En dos d\u00edas seguidos, Guti\u00e9rrez Luna dio c\u00e1tedra de lo que es pol\u00edtica\u2026 y la descortes\u00eda, con cortes\u00eda la respondi\u00f3\u2026<\/p>\n\n\n\n<p>El presidente de la C\u00e1mara de Diputados recibi\u00f3 a Tlen Huicani y diversos grupos folkl\u00f3ricos que pertenecen a la SEV as\u00ed como del consejo totonaco. Recibi\u00f3 a peque\u00f1os, medianos y grandes empresarios gastron\u00f3micos y sus diversas ramas por igual. Y todos los presentes, incluidos diputados de otros partidos, como Lorena Pi\u00f1\u00f3n (robando c\u00e1mara), hacen comentar que lo que el Pleno divide, Veracruz, con su cultura, comida, artesan\u00edas, puede unir\u2026<\/p>\n\n\n\n<p>Pero no s\u00f3lo Sergio Guti\u00e9rrez da muestra de pol\u00edtica\u2026 ver a Cuitl\u00e1huac Garc\u00eda y Paty Lobeira unidos olvidando siglas y colores, palabras m\u00e1s, palabras menos del Gobernador, hacen creer que es posible que quien no entiende \u201cel Movimiento\u201d es quien ocupa el cargo de secretario de Gobierno (aunque no lo desempe\u00f1e) ni tampoco quienes creen que persiguiendo a la Oposici\u00f3n, es hacerle un favor a su \u201cmovimiento\u201d&#8230;<\/p>\n\n\n\n<p>PD Sergio hizo el milagro para los xalape\u00f1os: sigue vivo Villalpando! Por ah\u00ed andaba! Hasta en la foto se asom\u00f3!<\/p>\n\n\n\n<p><a href=\"mailto:smcainito@gmail.com\" target=\"_blank\" rel=\"noreferrer noopener\">smcainito@gmail.com<\/a><\/p>\n","protected":false},"excerpt":{"rendered":"<p>Los Pol\u00edticos Salvador Mu\u00f1oz Antes que nada, nuestra solidaridad con la veracruzana, con la periodista, con la diputada Maryjose Gamboa Torales, a quien la ma\u00f1ana de ayer intentaron amedrentar\u2026 ocasionaron da\u00f1o a su veh\u00edculo y despu\u00e9s fue v\u00edctima de robo. Digo que \u201cintentaron amedrentar\u201d porque a esa mujer le sobra mucho de lo que le [&hellip;]<\/p>\n","protected":false},"author":1,"featured_media":387,"comment_status":"open","ping_status":"open","sticky":false,"template":"","format":"standard","meta":{"_jetpack_memberships_contains_paid_content":false,"footnotes":""},"categories":[11],"tags":[],"class_list":["post-26183","post","type-post","status-publish","format-standard","has-post-thumbnail","hentry","category-opinion"],"jetpack_featured_media_url":"https:\/\/encuentroinformativo.com.mx\/wp-content\/uploads\/2020\/03\/7CF8A22B-2764-47BE-8F7F-38FE9E5D6A2F.jpeg","jetpack_sharing_enabled":true,"jetpack_likes_enabled":true,"amp_enabled":true,"_links":{"self":[{"href":"https:\/\/encuentroinformativo.com.mx\/index.php?rest_route=\/wp\/v2\/posts\/26183","targetHints":{"allow":["GET"]}}],"collection":[{"href":"https:\/\/encuentroinformativo.com.mx\/index.php?rest_route=\/wp\/v2\/posts"}],"about":[{"href":"https:\/\/encuentroinformativo.com.mx\/index.php?rest_route=\/wp\/v2\/types\/post"}],"author":[{"embeddable":true,"href":"https:\/\/encuentroinformativo.com.mx\/index.php?rest_route=\/wp\/v2\/users\/1"}],"replies":[{"embeddable":true,"href":"https:\/\/encuentroinformativo.com.mx\/index.php?rest_route=%2Fwp%2Fv2%2Fcomments&post=26183"}],"version-history":[{"count":1,"href":"https:\/\/encuentroinformativo.com.mx\/index.php?rest_route=\/wp\/v2\/posts\/26183\/revisions"}],"predecessor-version":[{"id":26184,"href":"https:\/\/encuentroinformativo.com.mx\/index.php?rest_route=\/wp\/v2\/posts\/26183\/revisions\/26184"}],"wp:featuredmedia":[{"embeddable":true,"href":"https:\/\/encuentroinformativo.com.mx\/index.php?rest_route=\/wp\/v2\/media\/387"}],"wp:attachment":[{"href":"https:\/\/encuentroinformativo.com.mx\/index.php?rest_route=%2Fwp%2Fv2%2Fmedia&parent=26183"}],"wp:term":[{"taxonomy":"category","embeddable":true,"href":"https:\/\/encuentroinformativo.com.mx\/index.php?rest_route=%2Fwp%2Fv2%2Fcategories&post=26183"},{"taxonomy":"post_tag","embeddable":true,"href":"https:\/\/encuentroinformativo.com.mx\/index.php?rest_route=%2Fwp%2Fv2%2Ftags&post=26183"}],"curies":[{"name":"wp","href":"https:\/\/api.w.org\/{rel}","templated":true}]}}