{"id":2619,"date":"2020-05-17T16:35:32","date_gmt":"2020-05-17T21:35:32","guid":{"rendered":"https:\/\/encuentroinformativo.com\/?p=2619"},"modified":"2020-05-17T16:37:25","modified_gmt":"2020-05-17T21:37:25","slug":"durante-pandemia-internet-modifico-la-dinamica-social","status":"publish","type":"post","link":"https:\/\/encuentroinformativo.com.mx\/?p=2619","title":{"rendered":"Durante pandemia, Internet modific\u00f3 la din\u00e1mica social"},"content":{"rendered":"\n<p>Ciudad de M\u00e9xico.- Durante la emergencia sanitaria por COVID-19, la conectividad a Internet se ha vuelto esencial para informar, entretener y mantenernos comunicados con familiares y amigos, as\u00ed como para impulsar el trabajo colaborativo a distancia en los \u00e1mbitos educativo y laboral, afirm\u00f3 Luis \u00c1ngel Hurtado Razo, acad\u00e9mico de la <a href=\"https:\/\/www.politicas.unam.mx\/principal\/index.php\">Facultad de Ciencias Pol\u00edticas y Sociales<\/a> (FCPyS) de la UNAM.<\/p>\n\n\n\n<p>Antes de la pandemia se dec\u00eda que Internet aislaba a las personas, las individualizaba y generaba retraso educativo. \u201cSe menospreciaba esta herramienta, incluso la vulgarizaban al considerarla un medio que s\u00f3lo serv\u00eda para el entretenimiento o que s\u00f3lo difund\u00eda rumores y noticias falsas, pero con esta coyuntura vemos que su din\u00e1mica de construcci\u00f3n social cambi\u00f3, pues ha unido a las personas en el \u00e1mbito social y en el ejercicio laboral y educativo\u201d, dijo.<\/p>\n\n\n\n<p>Antes de la COVID-19 ya exist\u00eda el trabajo en casa y la educaci\u00f3n virtual, aclar\u00f3 el universitario, pero bajo la din\u00e1mica impuesta por el confinamiento la demanda del servicio de Internet se ha intensificado para ofrecer clases virtuales, reuniones a distancia y el env\u00edo de datos.<\/p>\n\n\n\n<p>En el marco del D\u00eda de Internet, que se conmemora hoy, 17 de mayo, subray\u00f3 que la red aporta elementos para la socializaci\u00f3n, y con ello permite controlar o disminuir la ansiedad que provoca el confinamiento. \u201cSe han derribado muchos estereotipos y cr\u00edticas que se ten\u00edan con respecto a su uso, pues se ha mostrado que tambi\u00e9n puede transmitir emociones y sentimientos\u201d.<\/p>\n\n\n\n<p><strong>Noticias falsas y discursos de odio, sus fallas<\/strong><\/p>\n\n\n\n<p>Hurtado Razo reconoci\u00f3 que a trav\u00e9s de Internet tambi\u00e9n se ha agudizado la difusi\u00f3n de noticias falsas y los discursos de odio, que polarizan a la poblaci\u00f3n.<\/p>\n\n\n\n<p>\u201cEl ciberespacio se utiliza para una \u2018pandemia de desinformaci\u00f3n\u2019, que ha generado ansiedad y p\u00e1nico; incluso han surgido discursos discriminatorios que han derivado en violencia contra ciertos segmentos, como el personal de salud, y provoca la polarizaci\u00f3n en torno a ciertas iniciativas o personajes, y la p\u00e9rdida de credibilidad en actores de medios de comunicaci\u00f3n y de la pol\u00edtica\u201d.<\/p>\n\n\n\n<p>Esta tecnolog\u00eda ha facilitado la libertad de expresi\u00f3n y el derecho a la informaci\u00f3n, \u201cpero cualquier usuario puede conformar un portal o utilizar las redes para divulgar informaci\u00f3n no verificada\u201d.<\/p>\n\n\n\n<p><strong>N\u00famero de usuarios de Internet<\/strong><\/p>\n\n\n\n<p>El universitario resalt\u00f3 que de acuerdo con datos del Instituto Federal de Telecomunicaciones, hasta antes de la pandemia en M\u00e9xico 83 millones de personas ten\u00edan acceso a Internet (dos terceras partes de la poblaci\u00f3n mexicana).<\/p>\n\n\n\n<p>Pero esto no significa que cuenten con la formaci\u00f3n y dominio para el uso de este medio de comunicaci\u00f3n, ni que puedan potencializar y aprovechar las herramientas que ofrece. \u201cM\u00e9xico carece de alfabetizaci\u00f3n digital para el desarrollo de habilidades enfocadas a tareas en un ambiente digital, mientras que en pa\u00edses europeos existen leyes que obligan al Estado a impartir este tipo de educaci\u00f3n\u201d.<\/p>\n\n\n\n<p>Ello ha contribuido a que dichas sociedades tengan elementos para usar esos medios de manera adecuada y equilibrada, y los utilice en la generaci\u00f3n de criterios informativos y en su formaci\u00f3n educativa.<\/p>\n\n\n\n<p>\u201cEn el caso de M\u00e9xico, el Estado deber\u00eda garantizar que los estudiantes tengan por lo menos una materia dedicada a la formaci\u00f3n y entendimiento de los medios digitales, pero aqu\u00ed no existe una ley al respecto, y ni siquiera ha sido considerada\u201d.<\/p>\n\n\n\n<p>Ser\u00eda deseable que a partir de la situaci\u00f3n que vivimos se ponga \u00e9nfasis en la educaci\u00f3n medi\u00e1tica, para formar a personas con mayor dominio de las herramientas digitales: que los maestros tengan mayores posibilidades de generar contenidos y los alumnos adquieran la habilidad de obtener informaci\u00f3n a trav\u00e9s de Internet para enriquecer su aprendizaje, finaliz\u00f3.<br><\/p>\n","protected":false},"excerpt":{"rendered":"<p>Ciudad de M\u00e9xico.- Durante la emergencia sanitaria por COVID-19, la conectividad a Internet se ha vuelto esencial para informar, entretener y mantenernos comunicados con familiares y amigos, as\u00ed como para impulsar el trabajo colaborativo a distancia en los \u00e1mbitos educativo y laboral, afirm\u00f3 Luis \u00c1ngel Hurtado Razo, acad\u00e9mico de la Facultad de Ciencias Pol\u00edticas y [&hellip;]<\/p>\n","protected":false},"author":1,"featured_media":2620,"comment_status":"open","ping_status":"open","sticky":false,"template":"","format":"standard","meta":{"_jetpack_memberships_contains_paid_content":false,"footnotes":""},"categories":[12],"tags":[],"class_list":["post-2619","post","type-post","status-publish","format-standard","has-post-thumbnail","hentry","category-nacional"],"jetpack_featured_media_url":"https:\/\/encuentroinformativo.com.mx\/wp-content\/uploads\/2020\/05\/internet.jpg","jetpack_sharing_enabled":true,"jetpack_likes_enabled":true,"amp_enabled":true,"_links":{"self":[{"href":"https:\/\/encuentroinformativo.com.mx\/index.php?rest_route=\/wp\/v2\/posts\/2619","targetHints":{"allow":["GET"]}}],"collection":[{"href":"https:\/\/encuentroinformativo.com.mx\/index.php?rest_route=\/wp\/v2\/posts"}],"about":[{"href":"https:\/\/encuentroinformativo.com.mx\/index.php?rest_route=\/wp\/v2\/types\/post"}],"author":[{"embeddable":true,"href":"https:\/\/encuentroinformativo.com.mx\/index.php?rest_route=\/wp\/v2\/users\/1"}],"replies":[{"embeddable":true,"href":"https:\/\/encuentroinformativo.com.mx\/index.php?rest_route=%2Fwp%2Fv2%2Fcomments&post=2619"}],"version-history":[{"count":2,"href":"https:\/\/encuentroinformativo.com.mx\/index.php?rest_route=\/wp\/v2\/posts\/2619\/revisions"}],"predecessor-version":[{"id":2622,"href":"https:\/\/encuentroinformativo.com.mx\/index.php?rest_route=\/wp\/v2\/posts\/2619\/revisions\/2622"}],"wp:featuredmedia":[{"embeddable":true,"href":"https:\/\/encuentroinformativo.com.mx\/index.php?rest_route=\/wp\/v2\/media\/2620"}],"wp:attachment":[{"href":"https:\/\/encuentroinformativo.com.mx\/index.php?rest_route=%2Fwp%2Fv2%2Fmedia&parent=2619"}],"wp:term":[{"taxonomy":"category","embeddable":true,"href":"https:\/\/encuentroinformativo.com.mx\/index.php?rest_route=%2Fwp%2Fv2%2Fcategories&post=2619"},{"taxonomy":"post_tag","embeddable":true,"href":"https:\/\/encuentroinformativo.com.mx\/index.php?rest_route=%2Fwp%2Fv2%2Ftags&post=2619"}],"curies":[{"name":"wp","href":"https:\/\/api.w.org\/{rel}","templated":true}]}}