{"id":26190,"date":"2022-04-20T12:41:10","date_gmt":"2022-04-20T17:41:10","guid":{"rendered":"https:\/\/encuentroinformativo.com.mx\/?p=26190"},"modified":"2022-04-20T12:41:13","modified_gmt":"2022-04-20T17:41:13","slug":"protestan-a-favor-de-regidor-de-ixtaczoquitlan-recluido-en-pacho","status":"publish","type":"post","link":"https:\/\/encuentroinformativo.com.mx\/?p=26190","title":{"rendered":"Protestan a favor  de regidor de Ixtaczoquitl\u00e1n, recluido en Pacho"},"content":{"rendered":"\n<p><strong>Juan Arcos<\/strong><\/p>\n\n\n\n<p>Coatepec, Ver.- Familiares y amigos de Patricio Alejandro \u201cN\u201d, regidor de Ixtaczoquitl\u00e1n, protestaron afuera del penal de Pacho Viejo, municipio de Coatepec, para exigir su liberaci\u00f3n, pues consideraron que es inocente y nada tuvo que ver en el asesinato del periodista\u00a0Jacinto Romero Flores, el 19 de agosto de 2021.<\/p>\n\n\n\n<p>Los quejosos lanzaron consignas para denunciar que el exfuncionario municipal del partido Movimiento Ciudadano (MC) ha sido \u201cincriminado\u201d en el crimen del reportero.<\/p>\n\n\n\n<p>Patricio Alejandro, mejor conocido como \u201cMunrra\u201d, fue detenido afuera de su domicilio y luego trasladado al penal de Pacho Viejo, donde ser\u00eda presentado ante un juez de control.<\/p>\n\n\n\n<p>La se\u00f1ora Mar\u00eda del Carmen Gaspar Mart\u00ednez pidi\u00f3 a la Fiscal\u00eda General del Estado (FGE) que se proceda legalmente contra los \u201cverdaderos culpables\u201d del homicidio doloso calificado.<\/p>\n\n\n\n<p>\u201cYa estamos cansados de que agarren a gente inocente. \u00c9l no se merece esto. \u00c9l es una persona que ha apoyado al pueblo. Estamos reunidos para apoyarlo y pedir justicia\u201d, expres\u00f3.<\/p>\n\n\n\n<p>La gente viaj\u00f3 desde el municipio de Ixtaczoquitl\u00e1n, ubicado en la zona centro del estado, para brindar apoyo moral al imputado.<\/p>\n\n\n\n<p>En sus pancartas se le\u00edan mensajes como: \u201c se\u00f1or Gobernador te burlas porque una persona del pueblo aspira a Regidor \u00a1Y el pueblo lo eligi\u00f3!\u201d y \u201csu \u00fanico delito fue querer ayudar al pueblo\u201d.<\/p>\n\n\n\n<p>Patricio Alejandro es se\u00f1alado del homicidio del reportero y locutor de la radiodifusora Oriestereo 99.3 FM, quien muri\u00f3 a causa de varios impactos de bala, al interior del autom\u00f3vil en el que se trasladaba para sus coberturas informativas.<\/p>\n\n\n\n<figure class=\"wp-block-image size-large\"><img loading=\"lazy\" decoding=\"async\" width=\"1024\" height=\"768\" src=\"https:\/\/encuentroinformativo.com.mx\/wp-content\/uploads\/2022\/04\/3620D73D-35EF-449F-90AF-4AE2CA1E079E-1024x768.jpeg\" alt=\"\" class=\"wp-image-26192\" srcset=\"https:\/\/encuentroinformativo.com.mx\/wp-content\/uploads\/2022\/04\/3620D73D-35EF-449F-90AF-4AE2CA1E079E-1024x768.jpeg 1024w, https:\/\/encuentroinformativo.com.mx\/wp-content\/uploads\/2022\/04\/3620D73D-35EF-449F-90AF-4AE2CA1E079E-300x225.jpeg 300w, https:\/\/encuentroinformativo.com.mx\/wp-content\/uploads\/2022\/04\/3620D73D-35EF-449F-90AF-4AE2CA1E079E-768x576.jpeg 768w, https:\/\/encuentroinformativo.com.mx\/wp-content\/uploads\/2022\/04\/3620D73D-35EF-449F-90AF-4AE2CA1E079E-1536x1152.jpeg 1536w, https:\/\/encuentroinformativo.com.mx\/wp-content\/uploads\/2022\/04\/3620D73D-35EF-449F-90AF-4AE2CA1E079E.jpeg 2016w\" sizes=\"auto, (max-width: 1024px) 100vw, 1024px\" \/><\/figure>\n","protected":false},"excerpt":{"rendered":"<p>Juan Arcos Coatepec, Ver.- Familiares y amigos de Patricio Alejandro \u201cN\u201d, regidor de Ixtaczoquitl\u00e1n, protestaron afuera del penal de Pacho Viejo, municipio de Coatepec, para exigir su liberaci\u00f3n, pues consideraron que es inocente y nada tuvo que ver en el asesinato del periodista\u00a0Jacinto Romero Flores, el 19 de agosto de 2021. Los quejosos lanzaron consignas [&hellip;]<\/p>\n","protected":false},"author":1,"featured_media":26191,"comment_status":"open","ping_status":"open","sticky":false,"template":"","format":"standard","meta":{"_jetpack_memberships_contains_paid_content":false,"footnotes":""},"categories":[8],"tags":[],"class_list":["post-26190","post","type-post","status-publish","format-standard","has-post-thumbnail","hentry","category-region"],"jetpack_featured_media_url":"https:\/\/encuentroinformativo.com.mx\/wp-content\/uploads\/2022\/04\/8D948FC8-F871-499F-B45E-3AA091CF799D.jpeg","jetpack_sharing_enabled":true,"jetpack_likes_enabled":true,"amp_enabled":true,"_links":{"self":[{"href":"https:\/\/encuentroinformativo.com.mx\/index.php?rest_route=\/wp\/v2\/posts\/26190","targetHints":{"allow":["GET"]}}],"collection":[{"href":"https:\/\/encuentroinformativo.com.mx\/index.php?rest_route=\/wp\/v2\/posts"}],"about":[{"href":"https:\/\/encuentroinformativo.com.mx\/index.php?rest_route=\/wp\/v2\/types\/post"}],"author":[{"embeddable":true,"href":"https:\/\/encuentroinformativo.com.mx\/index.php?rest_route=\/wp\/v2\/users\/1"}],"replies":[{"embeddable":true,"href":"https:\/\/encuentroinformativo.com.mx\/index.php?rest_route=%2Fwp%2Fv2%2Fcomments&post=26190"}],"version-history":[{"count":1,"href":"https:\/\/encuentroinformativo.com.mx\/index.php?rest_route=\/wp\/v2\/posts\/26190\/revisions"}],"predecessor-version":[{"id":26193,"href":"https:\/\/encuentroinformativo.com.mx\/index.php?rest_route=\/wp\/v2\/posts\/26190\/revisions\/26193"}],"wp:featuredmedia":[{"embeddable":true,"href":"https:\/\/encuentroinformativo.com.mx\/index.php?rest_route=\/wp\/v2\/media\/26191"}],"wp:attachment":[{"href":"https:\/\/encuentroinformativo.com.mx\/index.php?rest_route=%2Fwp%2Fv2%2Fmedia&parent=26190"}],"wp:term":[{"taxonomy":"category","embeddable":true,"href":"https:\/\/encuentroinformativo.com.mx\/index.php?rest_route=%2Fwp%2Fv2%2Fcategories&post=26190"},{"taxonomy":"post_tag","embeddable":true,"href":"https:\/\/encuentroinformativo.com.mx\/index.php?rest_route=%2Fwp%2Fv2%2Ftags&post=26190"}],"curies":[{"name":"wp","href":"https:\/\/api.w.org\/{rel}","templated":true}]}}