{"id":26194,"date":"2022-04-20T12:49:28","date_gmt":"2022-04-20T17:49:28","guid":{"rendered":"https:\/\/encuentroinformativo.com.mx\/?p=26194"},"modified":"2022-04-20T12:49:31","modified_gmt":"2022-04-20T17:49:31","slug":"solicita-cometur-reconsiderar-medidas-sanitarias-en-hoteles","status":"publish","type":"post","link":"https:\/\/encuentroinformativo.com.mx\/?p=26194","title":{"rendered":"Solicita COMETUR  reconsiderar medidas sanitarias en hoteles"},"content":{"rendered":"\n<p><strong>Alejandro \u00c1vila<\/strong><\/p>\n\n\n\n<p><strong>Foto: <\/strong>Jocelyn Medina\/Cortes\u00eda <\/p>\n\n\n\n<p>Veracruz, Ver.- El presidente del Consejo Metropolitano de Turismo (COMETUR), Sergio Lois Heredia, reconoci\u00f3 el incremento de ocupaci\u00f3n hotelera durante la Semana Santa 2022; sin embargo, consider\u00f3 qu\u00e9 los protocolos y porcentajes de ocupaci\u00f3n hotelera con base en la semaforizaci\u00f3n ya deben cambiar.<\/p>\n\n\n\n<p>El empresario dijo que se vivi\u00f3 una excelente temporada vacacional, casi como las que se ten\u00edan antes del 2019, y esta Semana Santa esperan sea un parte aguas para reactivar las visitas c\u00f3mo estaban antes de la pandemia.<\/p>\n\n\n\n<p>A la fecha, la zona conurbada Veracruz-Boca del R\u00edo se encuentra en sem\u00e1foro amarillo, por lo cual la ocupaci\u00f3n hotelera debe de ser en un m\u00e1ximo del 75 por ciento; situaci\u00f3n que dijo Sergio Lois Heredia, debe de ser reconsiderada por las autoridades estatales, para cambiar los aforos y medidas sanitarias a la brevedad posible.<\/p>\n\n\n\n<p>&#8220;Yo creo que ser\u00eda un an\u00e1lisis de general de todo, de los protocolos qu\u00e9 se piden en diversos lugares, de los topes de venta, de las tropas de afluencia, de las capacidades, todo eso. Creo que ser\u00eda bueno ya reconsiderarlo, como pasa en otros pa\u00edses, y que ya podamos dejar caminar est\u00e1 reactivaci\u00f3n econ\u00f3mica, c\u00f3mo se est\u00e1 dejando caminar en otros lados&#8221;, remat\u00f3.<\/p>\n\n\n\n<p>En la zona conurbada Veracruz &#8211; Boca del R\u00edo se tienen previsto tres grandes eventos en los pr\u00f3ximos meses, el Festival de la Salsa, el Carnaval de Veracruz y el Festival de Velas, adem\u00e1s de la temporada de verano, la cual esperan tenga mayor afluencia que la Semana Santa 2022.<\/p>\n","protected":false},"excerpt":{"rendered":"<p>Alejandro \u00c1vila Foto: Jocelyn Medina\/Cortes\u00eda Veracruz, Ver.- El presidente del Consejo Metropolitano de Turismo (COMETUR), Sergio Lois Heredia, reconoci\u00f3 el incremento de ocupaci\u00f3n hotelera durante la Semana Santa 2022; sin embargo, consider\u00f3 qu\u00e9 los protocolos y porcentajes de ocupaci\u00f3n hotelera con base en la semaforizaci\u00f3n ya deben cambiar. El empresario dijo que se vivi\u00f3 una [&hellip;]<\/p>\n","protected":false},"author":1,"featured_media":26195,"comment_status":"open","ping_status":"open","sticky":false,"template":"","format":"standard","meta":{"_jetpack_memberships_contains_paid_content":false,"footnotes":""},"categories":[2],"tags":[],"class_list":["post-26194","post","type-post","status-publish","format-standard","has-post-thumbnail","hentry","category-estado"],"jetpack_featured_media_url":"https:\/\/encuentroinformativo.com.mx\/wp-content\/uploads\/2022\/04\/CFADAE4A-4F66-45D9-AEF1-9CCD1DB8BC9F.jpeg","jetpack_sharing_enabled":true,"jetpack_likes_enabled":true,"amp_enabled":true,"_links":{"self":[{"href":"https:\/\/encuentroinformativo.com.mx\/index.php?rest_route=\/wp\/v2\/posts\/26194","targetHints":{"allow":["GET"]}}],"collection":[{"href":"https:\/\/encuentroinformativo.com.mx\/index.php?rest_route=\/wp\/v2\/posts"}],"about":[{"href":"https:\/\/encuentroinformativo.com.mx\/index.php?rest_route=\/wp\/v2\/types\/post"}],"author":[{"embeddable":true,"href":"https:\/\/encuentroinformativo.com.mx\/index.php?rest_route=\/wp\/v2\/users\/1"}],"replies":[{"embeddable":true,"href":"https:\/\/encuentroinformativo.com.mx\/index.php?rest_route=%2Fwp%2Fv2%2Fcomments&post=26194"}],"version-history":[{"count":1,"href":"https:\/\/encuentroinformativo.com.mx\/index.php?rest_route=\/wp\/v2\/posts\/26194\/revisions"}],"predecessor-version":[{"id":26196,"href":"https:\/\/encuentroinformativo.com.mx\/index.php?rest_route=\/wp\/v2\/posts\/26194\/revisions\/26196"}],"wp:featuredmedia":[{"embeddable":true,"href":"https:\/\/encuentroinformativo.com.mx\/index.php?rest_route=\/wp\/v2\/media\/26195"}],"wp:attachment":[{"href":"https:\/\/encuentroinformativo.com.mx\/index.php?rest_route=%2Fwp%2Fv2%2Fmedia&parent=26194"}],"wp:term":[{"taxonomy":"category","embeddable":true,"href":"https:\/\/encuentroinformativo.com.mx\/index.php?rest_route=%2Fwp%2Fv2%2Fcategories&post=26194"},{"taxonomy":"post_tag","embeddable":true,"href":"https:\/\/encuentroinformativo.com.mx\/index.php?rest_route=%2Fwp%2Fv2%2Ftags&post=26194"}],"curies":[{"name":"wp","href":"https:\/\/api.w.org\/{rel}","templated":true}]}}