{"id":262,"date":"2020-03-02T11:14:59","date_gmt":"2020-03-02T11:14:59","guid":{"rendered":"https:\/\/encuentroinformativodotcomdotmx.wordpress.com\/2020\/03\/02\/covid-19-no-representa-emergencia-segun-salud\/"},"modified":"2020-03-04T08:30:37","modified_gmt":"2020-03-04T08:30:37","slug":"covid-19-no-representa-emergencia-segun-salud","status":"publish","type":"post","link":"https:\/\/encuentroinformativo.com.mx\/?p=262","title":{"rendered":"Covid-19 no representa emergencia, seg\u00fan Salud"},"content":{"rendered":"\n<figure class=\"wp-block-image size-large\"><img loading=\"lazy\" decoding=\"async\" width=\"840\" height=\"420\" src=\"https:\/\/encuentroinformativo.com.mx\/wp-content\/uploads\/2020\/03\/img_8045.jpg?w=840\" alt=\"\" class=\"wp-image-261\" srcset=\"https:\/\/encuentroinformativo.com.mx\/wp-content\/uploads\/2020\/03\/img_8045.jpg 840w, https:\/\/encuentroinformativo.com.mx\/wp-content\/uploads\/2020\/03\/img_8045-300x150.jpg 300w, https:\/\/encuentroinformativo.com.mx\/wp-content\/uploads\/2020\/03\/img_8045-768x384.jpg 768w\" sizes=\"auto, (max-width: 840px) 100vw, 840px\" \/><\/figure>\n\n\n\n<p>M\u00e9xico (<strong>Fuente<\/strong>: Notimex).- Hugo L\u00f3pez-Gatell, subsecretario de Prevenci\u00f3n y Promoci\u00f3n de la Salud, explic\u00f3 que hasta el momento el Covid-19 no representa una emergencia econ\u00f3mica o social en el pa\u00eds.<\/p>\n\n\n\n<p>El funcionario dijo que de acuerdo con un an\u00e1lisis cient\u00edfico, la propagaci\u00f3n del coronavirus no cumple con los criterios ya que no hay casos de infecciones graves, de mortalidad alta o que afecte a sectores funcionales para M\u00e9xico.<\/p>\n\n\n\n<p>\u201cDeterminamos que no hay evidencia que sugiera que esto es una emergencia nacional, no deja de ser una epidemia, como lo es, como hay otras epidemias, pero no representa una amenaza en t\u00e9rminos sanitarios ni t\u00e9rminos sociales o econ\u00f3micos\u201d, sostuvo L\u00f3pez-Gatell en conferencia de prensa.<\/p>\n\n\n\n<p>El subsecretario tambi\u00e9n puntualiz\u00f3 que el coronavirus no naci\u00f3 en un laboratorio para ser usada como un arma biol\u00f3gica, como se ha referido en diversos sitios en internet.<\/p>\n\n\n\n<p>Detall\u00f3 que la mayor\u00eda de las ocasiones, cuando surge una epidemia, los prejuicios sobre poblaciones migrantes suele acentuarse motivadas por el miedo y la ignorancia.<\/p>\n\n\n\n<p>Enfatiz\u00f3 que el origen etnico o gen\u00e9tico de las personas no tiene nada que ver con la propagaci\u00f3n de la nueva enfermedad.<\/p>\n\n\n\n<p>Se\u00f1al\u00f3 que las autoridades sanitarias mundiales a\u00fan siguen en la b\u00fasqueda de cu\u00e1l es el origen natural de la enfermedad, pero descart\u00f3 que se deba a una manipulaci\u00f3n del hombre.<\/p>\n","protected":false},"excerpt":{"rendered":"<p>M\u00e9xico (Fuente: Notimex).- Hugo L\u00f3pez-Gatell, subsecretario de Prevenci\u00f3n y Promoci\u00f3n de la Salud, explic\u00f3 que hasta el momento el Covid-19 no representa una emergencia econ\u00f3mica o social en el pa\u00eds. El funcionario dijo que de acuerdo con un an\u00e1lisis cient\u00edfico, la propagaci\u00f3n del coronavirus no cumple con los criterios ya que no hay casos de [&hellip;]<\/p>\n","protected":false},"author":1,"featured_media":261,"comment_status":"open","ping_status":"open","sticky":false,"template":"","format":"standard","meta":{"_jetpack_memberships_contains_paid_content":false,"footnotes":""},"categories":[12],"tags":[],"class_list":["post-262","post","type-post","status-publish","format-standard","has-post-thumbnail","hentry","category-nacional"],"jetpack_featured_media_url":"https:\/\/encuentroinformativo.com.mx\/wp-content\/uploads\/2020\/03\/img_8045.jpg","jetpack_sharing_enabled":true,"jetpack_likes_enabled":true,"amp_enabled":true,"_links":{"self":[{"href":"https:\/\/encuentroinformativo.com.mx\/index.php?rest_route=\/wp\/v2\/posts\/262","targetHints":{"allow":["GET"]}}],"collection":[{"href":"https:\/\/encuentroinformativo.com.mx\/index.php?rest_route=\/wp\/v2\/posts"}],"about":[{"href":"https:\/\/encuentroinformativo.com.mx\/index.php?rest_route=\/wp\/v2\/types\/post"}],"author":[{"embeddable":true,"href":"https:\/\/encuentroinformativo.com.mx\/index.php?rest_route=\/wp\/v2\/users\/1"}],"replies":[{"embeddable":true,"href":"https:\/\/encuentroinformativo.com.mx\/index.php?rest_route=%2Fwp%2Fv2%2Fcomments&post=262"}],"version-history":[{"count":1,"href":"https:\/\/encuentroinformativo.com.mx\/index.php?rest_route=\/wp\/v2\/posts\/262\/revisions"}],"predecessor-version":[{"id":360,"href":"https:\/\/encuentroinformativo.com.mx\/index.php?rest_route=\/wp\/v2\/posts\/262\/revisions\/360"}],"wp:featuredmedia":[{"embeddable":true,"href":"https:\/\/encuentroinformativo.com.mx\/index.php?rest_route=\/wp\/v2\/media\/261"}],"wp:attachment":[{"href":"https:\/\/encuentroinformativo.com.mx\/index.php?rest_route=%2Fwp%2Fv2%2Fmedia&parent=262"}],"wp:term":[{"taxonomy":"category","embeddable":true,"href":"https:\/\/encuentroinformativo.com.mx\/index.php?rest_route=%2Fwp%2Fv2%2Fcategories&post=262"},{"taxonomy":"post_tag","embeddable":true,"href":"https:\/\/encuentroinformativo.com.mx\/index.php?rest_route=%2Fwp%2Fv2%2Ftags&post=262"}],"curies":[{"name":"wp","href":"https:\/\/api.w.org\/{rel}","templated":true}]}}