{"id":26200,"date":"2022-04-20T14:20:12","date_gmt":"2022-04-20T19:20:12","guid":{"rendered":"https:\/\/encuentroinformativo.com.mx\/?p=26200"},"modified":"2022-04-20T14:20:16","modified_gmt":"2022-04-20T19:20:16","slug":"habra-desfile-el-dia-del-trabajo-en-xalapa","status":"publish","type":"post","link":"https:\/\/encuentroinformativo.com.mx\/?p=26200","title":{"rendered":"Habr\u00e1 desfile el D\u00eda del Trabajo en Xalapa"},"content":{"rendered":"\n<p><strong>Dar\u00edo Pale <\/strong><\/p>\n\n\n\n<p>Xalapa, Ver.- El d\u00eda primero de mayo s\u00ed se realizar\u00e1 el desfile del D\u00eda del Trabajo en la capital del estado, as\u00ed lo inform\u00f3 el gobernador de Veracruz Cuitl\u00e1huac Garc\u00eda Jim\u00e9nez.<\/p>\n\n\n\n<p>En conferencia de prensa solicit\u00f3 a las organizaciones sindicales que solamente acudan con representaciones del 50 por ciento, m\u00e1ximo del 75 por ciento.<\/p>\n\n\n\n<p>Pese a ello no descart\u00f3 que la presencia de ese d\u00eda se a de miles de trabajadores para el evento c\u00edvico.<\/p>\n\n\n\n<p>&#8220;Esa fue la petici\u00f3n que les hicimos de que fuese ordenado y con su sana distancia, pero que ya se realizara, queda del lado de ellos y la recomendaci\u00f3n es que sea el 50 por ciento de sus contingentes, m\u00e1ximo el 75 por ciento, que ellos pudieran regular eso&#8221;, asever\u00f3.<\/p>\n\n\n\n<p>Finalmente, adelant\u00f3 que estar\u00e1 presidiendo el desfile y tomando nota de las demandas laborales.<\/p>\n","protected":false},"excerpt":{"rendered":"<p>Dar\u00edo Pale Xalapa, Ver.- El d\u00eda primero de mayo s\u00ed se realizar\u00e1 el desfile del D\u00eda del Trabajo en la capital del estado, as\u00ed lo inform\u00f3 el gobernador de Veracruz Cuitl\u00e1huac Garc\u00eda Jim\u00e9nez. En conferencia de prensa solicit\u00f3 a las organizaciones sindicales que solamente acudan con representaciones del 50 por ciento, m\u00e1ximo del 75 por [&hellip;]<\/p>\n","protected":false},"author":1,"featured_media":26201,"comment_status":"open","ping_status":"open","sticky":false,"template":"","format":"standard","meta":{"_jetpack_memberships_contains_paid_content":false,"footnotes":""},"categories":[2],"tags":[],"class_list":["post-26200","post","type-post","status-publish","format-standard","has-post-thumbnail","hentry","category-estado"],"jetpack_featured_media_url":"https:\/\/encuentroinformativo.com.mx\/wp-content\/uploads\/2022\/04\/3C1118C9-DC87-4EE8-8D2E-17709617C52B.jpeg","jetpack_sharing_enabled":true,"jetpack_likes_enabled":true,"amp_enabled":true,"_links":{"self":[{"href":"https:\/\/encuentroinformativo.com.mx\/index.php?rest_route=\/wp\/v2\/posts\/26200","targetHints":{"allow":["GET"]}}],"collection":[{"href":"https:\/\/encuentroinformativo.com.mx\/index.php?rest_route=\/wp\/v2\/posts"}],"about":[{"href":"https:\/\/encuentroinformativo.com.mx\/index.php?rest_route=\/wp\/v2\/types\/post"}],"author":[{"embeddable":true,"href":"https:\/\/encuentroinformativo.com.mx\/index.php?rest_route=\/wp\/v2\/users\/1"}],"replies":[{"embeddable":true,"href":"https:\/\/encuentroinformativo.com.mx\/index.php?rest_route=%2Fwp%2Fv2%2Fcomments&post=26200"}],"version-history":[{"count":1,"href":"https:\/\/encuentroinformativo.com.mx\/index.php?rest_route=\/wp\/v2\/posts\/26200\/revisions"}],"predecessor-version":[{"id":26202,"href":"https:\/\/encuentroinformativo.com.mx\/index.php?rest_route=\/wp\/v2\/posts\/26200\/revisions\/26202"}],"wp:featuredmedia":[{"embeddable":true,"href":"https:\/\/encuentroinformativo.com.mx\/index.php?rest_route=\/wp\/v2\/media\/26201"}],"wp:attachment":[{"href":"https:\/\/encuentroinformativo.com.mx\/index.php?rest_route=%2Fwp%2Fv2%2Fmedia&parent=26200"}],"wp:term":[{"taxonomy":"category","embeddable":true,"href":"https:\/\/encuentroinformativo.com.mx\/index.php?rest_route=%2Fwp%2Fv2%2Fcategories&post=26200"},{"taxonomy":"post_tag","embeddable":true,"href":"https:\/\/encuentroinformativo.com.mx\/index.php?rest_route=%2Fwp%2Fv2%2Ftags&post=26200"}],"curies":[{"name":"wp","href":"https:\/\/api.w.org\/{rel}","templated":true}]}}