{"id":26203,"date":"2022-04-20T14:40:22","date_gmt":"2022-04-20T19:40:22","guid":{"rendered":"https:\/\/encuentroinformativo.com.mx\/?p=26203"},"modified":"2022-04-20T14:40:25","modified_gmt":"2022-04-20T19:40:25","slug":"la-4t-no-es-responsable-de-feminicidios-gobernador","status":"publish","type":"post","link":"https:\/\/encuentroinformativo.com.mx\/?p=26203","title":{"rendered":"La 4T no es responsable de feminicidios: Gobernador"},"content":{"rendered":"\n<p><strong>Dar\u00edo Pale <\/strong><\/p>\n\n\n\n<p>Xalapa, Ver.- El gobernador del estado Cuitl\u00e1huac Garc\u00eda Jim\u00e9nez dio a conocer que la violencia feminicida en Veracruz no es culpa de la 4T, esto a pesar de las cifras que dio a conocer el Observatorio Universitario de Violencias contra las Mujeres de Veracruz, por el incremento de feminicidios.<\/p>\n\n\n\n<p>En conferencia de prensa se\u00f1al\u00f3 que, &#8220;la g\u00e9nesis del feminicidio no surgi\u00f3 con la Cuarta Transformaci\u00f3n, no se le puede atribuir a un periodo corto de tiempo este lamentable hecho que acontecen, que privan de vida a las mujeres&#8221;.<\/p>\n\n\n\n<p>&#8220;Tenemos que contraponer una cultura de respeto hacia las mujeres, imponerla y se tiene que trabajar varios a\u00f1os, por qu\u00e9, porque los gobiernos anteriores desatendieron el tema&#8221;, se\u00f1al\u00f3.<\/p>\n\n\n\n<p>El Observatorio inform\u00f3 que de enero a marzo de este a\u00f1o, se han registrado 28 feminicidios; 28 homicidios de mujeres; 160 desapariciones; y 114 agresiones de diferente tipo en todo el estado.<\/p>\n\n\n\n<p>Adem\u00e1s, las desapariciones est\u00e1n respaldadas con los propios datos que emite la Comisi\u00f3n Estatal de B\u00fasqueda de Personas Desaparecidas.<\/p>\n\n\n\n<p>Nuevamente y de manera reiterativa culp\u00f3 al exfiscal Jorge Winckler de que en su periodo los feminicidios se dispararon, mientras que de 2019 a la fecha, cuando tom\u00f3 el cargo la actual fiscal, Ver\u00f3nica Hern\u00e1ndez, las cifras han descendido.<\/p>\n\n\n\n<p>Culp\u00f3 nuevamente tambi\u00e9n a algunos periodistas de no cuestionar al exfiscal pr\u00f3fugo de la justicia el por qu\u00e9 se estaban disparando los cr\u00edmenes contra las mujeres.<\/p>\n\n\n\n<p>El Mandatario reiter\u00f3 que Winckler tra\u00eda &#8220;billeteado&#8221; a varios periodistas y por eso no reportaban el incremento de feminicidios, y repiti\u00f3 que en ning\u00fan caso habr\u00e1 impunidad y se atender\u00e1n de manera diaria.<\/p>\n\n\n\n<p>Fue ah\u00ed donde celebr\u00f3 que July Raquel &#8220;N&#8221; haya sido sentenciada a 60 a\u00f1os de prisi\u00f3n, por estar implicada en el asesinato de la rectora de la Universidad Valladolid, Guadalupe Mart\u00ednez Aguilar.<\/p>\n\n\n\n<p>Asimismo, en el caso del crimen de la joven Montserrat Bendimes Rold\u00e1n, a quien la asesin\u00f3 su novio el 17 abril de 2021, el Ejecutivo afirm\u00f3 que el caso sigue y se le persigue.<\/p>\n\n\n\n<p>Coment\u00f3 que por el encubrimiento de los padres de Marlon Botas Fuentes, ambos est\u00e1n detenidos, pues son presuntos responsables.<\/p>\n\n\n\n<p>Finalmente se\u00f1al\u00f3 que, &#8220;no a la impunidad, lamentable, triste, es una situaci\u00f3n triste, no es cuesti\u00f3n de que nos alegremos, triste, una joven pierde la vida y ahora los padres est\u00e1n presos, investigados por colaborar presuntamente&#8221;.<\/p>\n","protected":false},"excerpt":{"rendered":"<p>Dar\u00edo Pale Xalapa, Ver.- El gobernador del estado Cuitl\u00e1huac Garc\u00eda Jim\u00e9nez dio a conocer que la violencia feminicida en Veracruz no es culpa de la 4T, esto a pesar de las cifras que dio a conocer el Observatorio Universitario de Violencias contra las Mujeres de Veracruz, por el incremento de feminicidios. En conferencia de prensa [&hellip;]<\/p>\n","protected":false},"author":1,"featured_media":7927,"comment_status":"open","ping_status":"open","sticky":false,"template":"","format":"standard","meta":{"_jetpack_memberships_contains_paid_content":false,"footnotes":""},"categories":[2],"tags":[],"class_list":["post-26203","post","type-post","status-publish","format-standard","has-post-thumbnail","hentry","category-estado"],"jetpack_featured_media_url":"https:\/\/encuentroinformativo.com.mx\/wp-content\/uploads\/2020\/11\/0F300919-6590-4300-A9F0-FD692465C37F.jpeg","jetpack_sharing_enabled":true,"jetpack_likes_enabled":true,"amp_enabled":true,"_links":{"self":[{"href":"https:\/\/encuentroinformativo.com.mx\/index.php?rest_route=\/wp\/v2\/posts\/26203","targetHints":{"allow":["GET"]}}],"collection":[{"href":"https:\/\/encuentroinformativo.com.mx\/index.php?rest_route=\/wp\/v2\/posts"}],"about":[{"href":"https:\/\/encuentroinformativo.com.mx\/index.php?rest_route=\/wp\/v2\/types\/post"}],"author":[{"embeddable":true,"href":"https:\/\/encuentroinformativo.com.mx\/index.php?rest_route=\/wp\/v2\/users\/1"}],"replies":[{"embeddable":true,"href":"https:\/\/encuentroinformativo.com.mx\/index.php?rest_route=%2Fwp%2Fv2%2Fcomments&post=26203"}],"version-history":[{"count":1,"href":"https:\/\/encuentroinformativo.com.mx\/index.php?rest_route=\/wp\/v2\/posts\/26203\/revisions"}],"predecessor-version":[{"id":26204,"href":"https:\/\/encuentroinformativo.com.mx\/index.php?rest_route=\/wp\/v2\/posts\/26203\/revisions\/26204"}],"wp:featuredmedia":[{"embeddable":true,"href":"https:\/\/encuentroinformativo.com.mx\/index.php?rest_route=\/wp\/v2\/media\/7927"}],"wp:attachment":[{"href":"https:\/\/encuentroinformativo.com.mx\/index.php?rest_route=%2Fwp%2Fv2%2Fmedia&parent=26203"}],"wp:term":[{"taxonomy":"category","embeddable":true,"href":"https:\/\/encuentroinformativo.com.mx\/index.php?rest_route=%2Fwp%2Fv2%2Fcategories&post=26203"},{"taxonomy":"post_tag","embeddable":true,"href":"https:\/\/encuentroinformativo.com.mx\/index.php?rest_route=%2Fwp%2Fv2%2Ftags&post=26203"}],"curies":[{"name":"wp","href":"https:\/\/api.w.org\/{rel}","templated":true}]}}