{"id":26208,"date":"2022-04-20T14:50:33","date_gmt":"2022-04-20T19:50:33","guid":{"rendered":"https:\/\/encuentroinformativo.com.mx\/?p=26208"},"modified":"2022-04-20T14:50:36","modified_gmt":"2022-04-20T19:50:36","slug":"recibe-xalapa-calificacion-aprobatoria-en-materia-de-seguridad","status":"publish","type":"post","link":"https:\/\/encuentroinformativo.com.mx\/?p=26208","title":{"rendered":"Recibe Xalapa calificaci\u00f3n aprobatoria en materia de seguridad"},"content":{"rendered":"\n<p><strong>*Destaca Alcalde coordinaci\u00f3n entre todos los \u00f3rdenes de gobierno.<\/strong><\/p>\n\n\n\n<p>Xalapa, Ver.- El municipio goza de una buena calificaci\u00f3n en materia de seguridad en el nivel nacional, inform\u00f3 el presidente municipal Ricardo Ahued Bardahuil posterior a participar en la Mesa de Coordinaci\u00f3n para la Construcci\u00f3n de la Paz, encabezada por el gobernador Cuitl\u00e1huac Garc\u00eda Jim\u00e9nez.<\/p>\n\n\n\n<p>Dijo que a pesar de representar un reto importante, los asuntos que se deben atender se est\u00e1n analizando en conjunto con las dependencias encargadas de la seguridad en los niveles estatal y federal, lo que ha derivado en esta calificaci\u00f3n aprobatoria para el municipio.<\/p>\n\n\n\n<p>De acuerdo con el Edil, dentro de la competencia local se cuenta con una especial coordinaci\u00f3n con sus hom\u00f3logos de municipios como Banderilla, Tlalnelhuayocan y Coatepec para mejorar las condiciones de paz en la regi\u00f3n.<\/p>\n\n\n\n<p>Adem\u00e1s, dio a conocer que se est\u00e1n desarrollando programas de obra p\u00fablica en zonas populares, con lo que se busca mejorar la calidad de vida de los habitantes y con ello reducir los \u00edndices de inseguridad que derivan de las carencias sociales.<\/p>\n\n\n\n<p>Inform\u00f3 que tambi\u00e9n se trabaja en un ajuste al tipo de veh\u00edculos con los que cuenta la Polic\u00eda Municipal para que se asignen a las zonas donde se desempe\u00f1en mejor, a la par del proceso de formaci\u00f3n de hombres y mujeres polic\u00edas en el Centro de Estudios e Investigaci\u00f3n en Seguridad (CEIS).<\/p>\n\n\n\n<p>Finalmente, el Alcalde destac\u00f3 que al momento, los indicadores presentados en la Mesa de Coordinaci\u00f3n para la Construcci\u00f3n de la Paz reflejan buenos n\u00fameros para Xalapa, pero basta con una sola persona que se sienta agraviada para que \u00e9stos cambien, por lo que el esfuerzo y el trabajo coordinado no se detiene.<\/p>\n","protected":false},"excerpt":{"rendered":"<p>*Destaca Alcalde coordinaci\u00f3n entre todos los \u00f3rdenes de gobierno. Xalapa, Ver.- El municipio goza de una buena calificaci\u00f3n en materia de seguridad en el nivel nacional, inform\u00f3 el presidente municipal Ricardo Ahued Bardahuil posterior a participar en la Mesa de Coordinaci\u00f3n para la Construcci\u00f3n de la Paz, encabezada por el gobernador Cuitl\u00e1huac Garc\u00eda Jim\u00e9nez. Dijo [&hellip;]<\/p>\n","protected":false},"author":1,"featured_media":26209,"comment_status":"open","ping_status":"open","sticky":false,"template":"","format":"standard","meta":{"_jetpack_memberships_contains_paid_content":false,"footnotes":""},"categories":[3],"tags":[],"class_list":["post-26208","post","type-post","status-publish","format-standard","has-post-thumbnail","hentry","category-xalapa"],"jetpack_featured_media_url":"https:\/\/encuentroinformativo.com.mx\/wp-content\/uploads\/2022\/04\/70493C05-8981-4A56-BC0E-B1DB037AA34F.jpeg","jetpack_sharing_enabled":true,"jetpack_likes_enabled":true,"amp_enabled":true,"_links":{"self":[{"href":"https:\/\/encuentroinformativo.com.mx\/index.php?rest_route=\/wp\/v2\/posts\/26208","targetHints":{"allow":["GET"]}}],"collection":[{"href":"https:\/\/encuentroinformativo.com.mx\/index.php?rest_route=\/wp\/v2\/posts"}],"about":[{"href":"https:\/\/encuentroinformativo.com.mx\/index.php?rest_route=\/wp\/v2\/types\/post"}],"author":[{"embeddable":true,"href":"https:\/\/encuentroinformativo.com.mx\/index.php?rest_route=\/wp\/v2\/users\/1"}],"replies":[{"embeddable":true,"href":"https:\/\/encuentroinformativo.com.mx\/index.php?rest_route=%2Fwp%2Fv2%2Fcomments&post=26208"}],"version-history":[{"count":1,"href":"https:\/\/encuentroinformativo.com.mx\/index.php?rest_route=\/wp\/v2\/posts\/26208\/revisions"}],"predecessor-version":[{"id":26210,"href":"https:\/\/encuentroinformativo.com.mx\/index.php?rest_route=\/wp\/v2\/posts\/26208\/revisions\/26210"}],"wp:featuredmedia":[{"embeddable":true,"href":"https:\/\/encuentroinformativo.com.mx\/index.php?rest_route=\/wp\/v2\/media\/26209"}],"wp:attachment":[{"href":"https:\/\/encuentroinformativo.com.mx\/index.php?rest_route=%2Fwp%2Fv2%2Fmedia&parent=26208"}],"wp:term":[{"taxonomy":"category","embeddable":true,"href":"https:\/\/encuentroinformativo.com.mx\/index.php?rest_route=%2Fwp%2Fv2%2Fcategories&post=26208"},{"taxonomy":"post_tag","embeddable":true,"href":"https:\/\/encuentroinformativo.com.mx\/index.php?rest_route=%2Fwp%2Fv2%2Ftags&post=26208"}],"curies":[{"name":"wp","href":"https:\/\/api.w.org\/{rel}","templated":true}]}}