{"id":26211,"date":"2022-04-20T14:55:01","date_gmt":"2022-04-20T19:55:01","guid":{"rendered":"https:\/\/encuentroinformativo.com.mx\/?p=26211"},"modified":"2022-04-20T14:55:05","modified_gmt":"2022-04-20T19:55:05","slug":"boca-del-rio-no-incrementara-cobro-de-impuesto-predial-alcalde","status":"publish","type":"post","link":"https:\/\/encuentroinformativo.com.mx\/?p=26211","title":{"rendered":"Boca del R\u00edo no incrementar\u00e1 cobro de impuesto Predial: Alcalde"},"content":{"rendered":"\n<p><strong>Alejandro \u00c1vila<\/strong><\/p>\n\n\n\n<p>Veracruz, Ver.- La firma de convenio entre los municipios de Veracruz y Boca del R\u00edo para que el Gobierno del Estado cobre a trav\u00e9s de la Secretar\u00eda de Finanzas y Planeaci\u00f3n el impuesto predial, no significa que habr\u00e1 un aumento en dicho gravamen, asegur\u00f3 el alcalde Juan Manuel Unanue Abascal.<\/p>\n\n\n\n<p>El edil panista se\u00f1al\u00f3 que suscribieron el convenio, debido a que con ello podr\u00edan aumentar en un 30 por ciento las aportaciones del Fondo del Fomento Municipal.<\/p>\n\n\n\n<p>Destac\u00f3 que ese porcentaje representa m\u00e1s obras y beneficios para el municipio<\/p>\n\n\n\n<p>&#8220;Entre cinco y once millones extras, por eso firmamos ayer&#8221;.<\/p>\n\n\n\n<p>Por otro lado, adelant\u00f3 que se llevar\u00e1 a cabo un recorrido para confirmar las condiciones del buque Guanajuato ubicado en la Plaza Banderas.<\/p>\n\n\n\n<p>Reiter\u00f3 que se solicitar\u00e1 retirar el barco y que el deshuese se efect\u00fae en sitio.<\/p>\n\n\n\n<p>Con ello, se lograr\u00e1 limpiar la draga y trabajar en una remodelaci\u00f3n de Plaza Banderas.<\/p>\n\n\n\n<p>Reiter\u00f3 que de no retirar el buque, se corre el riesgo de no dragar la barra y con ello se puede inundar la ciudad.<\/p>\n","protected":false},"excerpt":{"rendered":"<p>Alejandro \u00c1vila Veracruz, Ver.- La firma de convenio entre los municipios de Veracruz y Boca del R\u00edo para que el Gobierno del Estado cobre a trav\u00e9s de la Secretar\u00eda de Finanzas y Planeaci\u00f3n el impuesto predial, no significa que habr\u00e1 un aumento en dicho gravamen, asegur\u00f3 el alcalde Juan Manuel Unanue Abascal. El edil panista [&hellip;]<\/p>\n","protected":false},"author":1,"featured_media":26212,"comment_status":"open","ping_status":"open","sticky":false,"template":"","format":"standard","meta":{"_jetpack_memberships_contains_paid_content":false,"footnotes":""},"categories":[2],"tags":[],"class_list":["post-26211","post","type-post","status-publish","format-standard","has-post-thumbnail","hentry","category-estado"],"jetpack_featured_media_url":"https:\/\/encuentroinformativo.com.mx\/wp-content\/uploads\/2022\/04\/6EE0AADF-766A-4E26-A0BA-4170D9814E4B.jpeg","jetpack_sharing_enabled":true,"jetpack_likes_enabled":true,"amp_enabled":true,"_links":{"self":[{"href":"https:\/\/encuentroinformativo.com.mx\/index.php?rest_route=\/wp\/v2\/posts\/26211","targetHints":{"allow":["GET"]}}],"collection":[{"href":"https:\/\/encuentroinformativo.com.mx\/index.php?rest_route=\/wp\/v2\/posts"}],"about":[{"href":"https:\/\/encuentroinformativo.com.mx\/index.php?rest_route=\/wp\/v2\/types\/post"}],"author":[{"embeddable":true,"href":"https:\/\/encuentroinformativo.com.mx\/index.php?rest_route=\/wp\/v2\/users\/1"}],"replies":[{"embeddable":true,"href":"https:\/\/encuentroinformativo.com.mx\/index.php?rest_route=%2Fwp%2Fv2%2Fcomments&post=26211"}],"version-history":[{"count":1,"href":"https:\/\/encuentroinformativo.com.mx\/index.php?rest_route=\/wp\/v2\/posts\/26211\/revisions"}],"predecessor-version":[{"id":26213,"href":"https:\/\/encuentroinformativo.com.mx\/index.php?rest_route=\/wp\/v2\/posts\/26211\/revisions\/26213"}],"wp:featuredmedia":[{"embeddable":true,"href":"https:\/\/encuentroinformativo.com.mx\/index.php?rest_route=\/wp\/v2\/media\/26212"}],"wp:attachment":[{"href":"https:\/\/encuentroinformativo.com.mx\/index.php?rest_route=%2Fwp%2Fv2%2Fmedia&parent=26211"}],"wp:term":[{"taxonomy":"category","embeddable":true,"href":"https:\/\/encuentroinformativo.com.mx\/index.php?rest_route=%2Fwp%2Fv2%2Fcategories&post=26211"},{"taxonomy":"post_tag","embeddable":true,"href":"https:\/\/encuentroinformativo.com.mx\/index.php?rest_route=%2Fwp%2Fv2%2Ftags&post=26211"}],"curies":[{"name":"wp","href":"https:\/\/api.w.org\/{rel}","templated":true}]}}