{"id":26220,"date":"2022-04-20T19:42:12","date_gmt":"2022-04-21T00:42:12","guid":{"rendered":"https:\/\/encuentroinformativo.com.mx\/?p=26220"},"modified":"2022-04-20T19:42:15","modified_gmt":"2022-04-21T00:42:15","slug":"protestan-colectivos-en-plaza-lerdo-reclaman-avances","status":"publish","type":"post","link":"https:\/\/encuentroinformativo.com.mx\/?p=26220","title":{"rendered":"Protestan colectivos en plaza Lerdo; reclaman avances"},"content":{"rendered":"\n<p><strong>Juan Arcos <\/strong><\/p>\n\n\n\n<p>Xalapa, Ver.- Familiares de desaparecidos protestaron frente a Palacio de Gobierno para denunciar que no hay avances en las investigaciones para la localizaci\u00f3n de sus seres queridos.<\/p>\n\n\n\n<p>La tarde de este mi\u00e9rcoles 20 de abril, las personas se plantaron sobre Plaza Sebasti\u00e1n Lerdo de Tejada, en el Centro Hist\u00f3rico de esta ciudad de Xalapa, donde mostraron pancartas y lonas con la fotograf\u00eda de sus familiares.<\/p>\n\n\n\n<p>Se trata de integrantes del Colectivo por la Paz Xalapa quienes han alzado la voz de manera constante en la capital del estado para presionar a la Fiscal\u00eda General del Estado (FGE) y exigir a las autoridades que agilicen las diligencias.<\/p>\n\n\n\n<p>Maurilia Cruz Contreras record\u00f3 que su hijo Jorge Antonio Torres Cruz est\u00e1 desaparecido desde el a\u00f1o 2012; sin embargo, han buscado audiencia como autoridades estatales sin recibir una respuesta favorable.<\/p>\n\n\n\n<p>\u201cJorge que la luz ilumine tu camino de regreso a casa #RegresaPronto\u201d, se lee en algunos de sus mensajes.<\/p>\n\n\n\n<p>\u201cSe\u00f1or gobernador Cuitl\u00e1huac Garc\u00eda y se\u00f1or Ricardo Ahued, no sean sordos a mi petici\u00f3n #d\u00f3ndeest\u00e1Jorge\u201d, fue otra de sus consignas.<\/p>\n\n\n\n<p>La madre de Jorge pidi\u00f3 a las autoridades estatales que se \u201cpongan en sus zapatos\u201d para que sean sensibles ante la situaci\u00f3n que enfrenta su familia por la desaparici\u00f3n de un ser querido.<\/p>\n","protected":false},"excerpt":{"rendered":"<p>Juan Arcos Xalapa, Ver.- Familiares de desaparecidos protestaron frente a Palacio de Gobierno para denunciar que no hay avances en las investigaciones para la localizaci\u00f3n de sus seres queridos. La tarde de este mi\u00e9rcoles 20 de abril, las personas se plantaron sobre Plaza Sebasti\u00e1n Lerdo de Tejada, en el Centro Hist\u00f3rico de esta ciudad de [&hellip;]<\/p>\n","protected":false},"author":2476,"featured_media":26216,"comment_status":"open","ping_status":"open","sticky":false,"template":"","format":"standard","meta":{"_jetpack_memberships_contains_paid_content":false,"footnotes":""},"categories":[3],"tags":[],"class_list":["post-26220","post","type-post","status-publish","format-standard","has-post-thumbnail","hentry","category-xalapa"],"jetpack_featured_media_url":"https:\/\/encuentroinformativo.com.mx\/wp-content\/uploads\/2022\/04\/B3C15536-9C10-482E-B911-F1ACCD17D302.jpeg","jetpack_sharing_enabled":true,"jetpack_likes_enabled":true,"amp_enabled":true,"_links":{"self":[{"href":"https:\/\/encuentroinformativo.com.mx\/index.php?rest_route=\/wp\/v2\/posts\/26220","targetHints":{"allow":["GET"]}}],"collection":[{"href":"https:\/\/encuentroinformativo.com.mx\/index.php?rest_route=\/wp\/v2\/posts"}],"about":[{"href":"https:\/\/encuentroinformativo.com.mx\/index.php?rest_route=\/wp\/v2\/types\/post"}],"author":[{"embeddable":true,"href":"https:\/\/encuentroinformativo.com.mx\/index.php?rest_route=\/wp\/v2\/users\/2476"}],"replies":[{"embeddable":true,"href":"https:\/\/encuentroinformativo.com.mx\/index.php?rest_route=%2Fwp%2Fv2%2Fcomments&post=26220"}],"version-history":[{"count":1,"href":"https:\/\/encuentroinformativo.com.mx\/index.php?rest_route=\/wp\/v2\/posts\/26220\/revisions"}],"predecessor-version":[{"id":26221,"href":"https:\/\/encuentroinformativo.com.mx\/index.php?rest_route=\/wp\/v2\/posts\/26220\/revisions\/26221"}],"wp:featuredmedia":[{"embeddable":true,"href":"https:\/\/encuentroinformativo.com.mx\/index.php?rest_route=\/wp\/v2\/media\/26216"}],"wp:attachment":[{"href":"https:\/\/encuentroinformativo.com.mx\/index.php?rest_route=%2Fwp%2Fv2%2Fmedia&parent=26220"}],"wp:term":[{"taxonomy":"category","embeddable":true,"href":"https:\/\/encuentroinformativo.com.mx\/index.php?rest_route=%2Fwp%2Fv2%2Fcategories&post=26220"},{"taxonomy":"post_tag","embeddable":true,"href":"https:\/\/encuentroinformativo.com.mx\/index.php?rest_route=%2Fwp%2Fv2%2Ftags&post=26220"}],"curies":[{"name":"wp","href":"https:\/\/api.w.org\/{rel}","templated":true}]}}