{"id":26223,"date":"2022-04-21T09:33:01","date_gmt":"2022-04-21T14:33:01","guid":{"rendered":"https:\/\/encuentroinformativo.com.mx\/?p=26223"},"modified":"2022-04-21T09:33:06","modified_gmt":"2022-04-21T14:33:06","slug":"cuic-paty-y-unanue","status":"publish","type":"post","link":"https:\/\/encuentroinformativo.com.mx\/?p=26223","title":{"rendered":"Cuic, Paty y Unanue"},"content":{"rendered":"\n<p><strong>Los Pol\u00edticos<\/strong><\/p>\n\n\n\n<p><strong>Salvador Mu\u00f1oz<\/strong><\/p>\n\n\n\n<p>Ya X\u00f3chitl Arbes\u00fa hab\u00eda dado indicios de que las cosas podr\u00edan ser mejor\u2026 ya Zenyazen Escobar hab\u00eda dado muestras de que se pod\u00edan hacer m\u00e1s cosas en beneficio de los ciudadanos\u2026 ya Hugo Guti\u00e9rrez Maldonado expuso que se pod\u00eda trabajar de manera coordinada\u2026 Cuitl\u00e1huac Garc\u00eda Jim\u00e9nez puso la cereza este martes cuando se reuni\u00f3 con Paty Lobeira y Juan Manuel Unanue, acompa\u00f1ados de Jos\u00e9 Luis Lima Franco.<\/p>\n\n\n\n<p>De este modo, quien quiso ensuciar la imagen del Gobernador propalando que \u201chab\u00eda corrido\u201d a X\u00f3chitl Arbes\u00fa Lago de la secretar\u00eda de Turismo por una foto donde aparece con Paty Lobeira, qued\u00f3 expuesto como a la vez, se evidencia a quienes realmente tiene en su primera l\u00ednea el Gobernador: al titular de Educaci\u00f3n, al titular de Seguridad P\u00fablica, al titular de Finanzas, y no tarda en aparecer con los alcaldes de Veracruz y Boca del R\u00edo, Iv\u00e1n Mart\u00ednez Olvera\u2026<\/p>\n\n\n\n<p>Para muchos, este encuentro entre autoridades estatales y municipales puede representar la coordinaci\u00f3n de esfuerzos en pro de los ciudadanos de la zona conurbada.<\/p>\n\n\n\n<p>Para otros muchos, el encuentro puede ser el acuerdo al que llegan \u201cdesde m\u00e1s arriba\u201d para llevar la fiesta en paz, al menos de aqu\u00ed al 2024\u2026<\/p>\n\n\n\n<p>Para muchos m\u00e1s, es la suma de las dos anteriores\u2026 como sea, de un modo u otro, es el ciudadano el que gana con este \u201ctriunvirato\u201d pol\u00edtico\u2026<\/p>\n\n\n\n<p>Es claro tambi\u00e9n que para otros m\u00e1s, puede ser el acuerdo del Gobierno con alcaldes aunque tambi\u00e9n no deja de verse como el acuerdo entre Cuitl\u00e1huac (\u00bfo El Peje?) con Yunes pap\u00e1.<\/p>\n\n\n\n<p>Y se refiere uno al Padre, porque si bien, los hijos ya hacen sus pininos a nivel partido, a la altura de Marko Cort\u00e9s, don Miguel se mueve en otros niveles, m\u00e1s all\u00e1 de la militancia\u2026<\/p>\n\n\n\n<p>Por supuesto que esta \u201calianza\u201d muy bien recibida por todos los actores a los que les gusta la pol\u00edtica que no la grilla, ha de generar cierto resquemor en ambos bandos\u2026<\/p>\n\n\n\n<p>Por el lado del Gobernador, los morenos tendr\u00e1n que tragar gordo y reconocer la civilidad pol\u00edtica de su m\u00e1ximo representante en Veracruz\u2026 para no regarla como lo hicieron los regidores morenos en la reciente sesi\u00f3n de Cabildo en el Puerto que actuaron como simples \u201ccontreras\u201d&#8230;<\/p>\n\n\n\n<p>Por el lado de los ediles, los aliados, el PRI y el PRD, qui\u00e9n sabe si est\u00e9n de acuerdo, porque al menos hasta un d\u00eda despu\u00e9s de la citada reuni\u00f3n de poderes, ninguno dijo \u201cP\u00edo\u201d&#8230; ni a favor, ni en contra\u2026<\/p>\n\n\n\n<p>\u00bfY Movimiento Ciudadano?<\/p>\n\n\n\n<p>Por supuesto, quien quiera llevar esta reuni\u00f3n entre Gobernador y ediles a la altura de la vida interna del partido en conflicto, es decir el PAN, ah\u00ed s\u00ed no creo que ni uno ni otros tengan inter\u00e9s\u2026 el pacto, el acuerdo, la coordinaci\u00f3n es entre ellos, no PAN-Morena, no Morena-PAN.<\/p>\n\n\n\n<p>Adem\u00e1s, por el lado de la econom\u00eda, este tipo de acercamientos le dan respiro al inversionista, al empresario, a quien apuesta su lana porque de cierto modo, percibe aguas tranquilas\u2026<\/p>\n\n\n\n<p>As\u00ed que los alcaldes y el Gobernador est\u00e1n en la oportunidad de trabajar por sus ciudadanos\u2026 esperemos que esta coordinaci\u00f3n de esfuerzos igual se replique en Orizaba (donde Diez Francos es muy cuate de Olga S\u00e1nchez Cordero), y por qu\u00e9 no, en Cosoleacaque, con el Pony V\u00e1zquez, por citar algunos\u2026 ojal\u00e1 se haga, porque as\u00ed, de ese modo, se legitima el ejercicio del Poder cuando es en pro de los veracruzanos\u2026<\/p>\n\n\n\n<p><a href=\"mailto:smcainito@gmail.com\" target=\"_blank\" rel=\"noreferrer noopener\">smcainito@gmail.com<\/a><\/p>\n","protected":false},"excerpt":{"rendered":"<p>Los Pol\u00edticos Salvador Mu\u00f1oz Ya X\u00f3chitl Arbes\u00fa hab\u00eda dado indicios de que las cosas podr\u00edan ser mejor\u2026 ya Zenyazen Escobar hab\u00eda dado muestras de que se pod\u00edan hacer m\u00e1s cosas en beneficio de los ciudadanos\u2026 ya Hugo Guti\u00e9rrez Maldonado expuso que se pod\u00eda trabajar de manera coordinada\u2026 Cuitl\u00e1huac Garc\u00eda Jim\u00e9nez puso la cereza este martes [&hellip;]<\/p>\n","protected":false},"author":1,"featured_media":387,"comment_status":"open","ping_status":"open","sticky":false,"template":"","format":"standard","meta":{"_jetpack_memberships_contains_paid_content":false,"footnotes":""},"categories":[11],"tags":[],"class_list":["post-26223","post","type-post","status-publish","format-standard","has-post-thumbnail","hentry","category-opinion"],"jetpack_featured_media_url":"https:\/\/encuentroinformativo.com.mx\/wp-content\/uploads\/2020\/03\/7CF8A22B-2764-47BE-8F7F-38FE9E5D6A2F.jpeg","jetpack_sharing_enabled":true,"jetpack_likes_enabled":true,"amp_enabled":true,"_links":{"self":[{"href":"https:\/\/encuentroinformativo.com.mx\/index.php?rest_route=\/wp\/v2\/posts\/26223","targetHints":{"allow":["GET"]}}],"collection":[{"href":"https:\/\/encuentroinformativo.com.mx\/index.php?rest_route=\/wp\/v2\/posts"}],"about":[{"href":"https:\/\/encuentroinformativo.com.mx\/index.php?rest_route=\/wp\/v2\/types\/post"}],"author":[{"embeddable":true,"href":"https:\/\/encuentroinformativo.com.mx\/index.php?rest_route=\/wp\/v2\/users\/1"}],"replies":[{"embeddable":true,"href":"https:\/\/encuentroinformativo.com.mx\/index.php?rest_route=%2Fwp%2Fv2%2Fcomments&post=26223"}],"version-history":[{"count":1,"href":"https:\/\/encuentroinformativo.com.mx\/index.php?rest_route=\/wp\/v2\/posts\/26223\/revisions"}],"predecessor-version":[{"id":26224,"href":"https:\/\/encuentroinformativo.com.mx\/index.php?rest_route=\/wp\/v2\/posts\/26223\/revisions\/26224"}],"wp:featuredmedia":[{"embeddable":true,"href":"https:\/\/encuentroinformativo.com.mx\/index.php?rest_route=\/wp\/v2\/media\/387"}],"wp:attachment":[{"href":"https:\/\/encuentroinformativo.com.mx\/index.php?rest_route=%2Fwp%2Fv2%2Fmedia&parent=26223"}],"wp:term":[{"taxonomy":"category","embeddable":true,"href":"https:\/\/encuentroinformativo.com.mx\/index.php?rest_route=%2Fwp%2Fv2%2Fcategories&post=26223"},{"taxonomy":"post_tag","embeddable":true,"href":"https:\/\/encuentroinformativo.com.mx\/index.php?rest_route=%2Fwp%2Fv2%2Ftags&post=26223"}],"curies":[{"name":"wp","href":"https:\/\/api.w.org\/{rel}","templated":true}]}}