{"id":26225,"date":"2022-04-21T09:45:41","date_gmt":"2022-04-21T14:45:41","guid":{"rendered":"https:\/\/encuentroinformativo.com.mx\/?p=26225"},"modified":"2022-04-21T09:45:44","modified_gmt":"2022-04-21T14:45:44","slug":"se-tienden-puentes-buenas-senales","status":"publish","type":"post","link":"https:\/\/encuentroinformativo.com.mx\/?p=26225","title":{"rendered":"SE TIENDEN PUENTES; BUENAS SE\u00d1ALES"},"content":{"rendered":"\n<p><strong>ColumnaSinNombre<br>@pablojair<\/strong><\/p>\n\n\n\n<ul class=\"wp-block-list\"><li>Iba todo bien en San L\u00e1zaro, hasta que lleg\u00f3 el exceso\u2026<\/li><li>Presentan este jueves el cartel art\u00edstico del SalsaFest 2022.<\/li><li>Vinculan a proceso al presunto asesino de Jacinto Romero.<\/li><\/ul>\n\n\n\n<p>Que me perdonen los milenials, pero est\u00e1 muy chafa su nuevo Batman<br>\u2014Chopenjawer<\/p>\n\n\n\n<p>Recientes im\u00e1genes detallan que, al menos en estos d\u00edas, se han estado tendiendo puentes entre adversarios pol\u00edticos.<\/p>\n\n\n\n<p>La gira del gobernador Cuitl\u00e1huac Garc\u00eda Jim\u00e9nez por la zona conurbada Veracruz-Boca del R\u00edo, dando recorridos y encabezando actos con la alcaldesa Patricia Lobeira de Yunes y el alcalde Juan Manuel Abascal Unanue, mostr\u00f3 un ambiente de cordialidad que cualquiera de los veracruzanos agradecemos porque ya estamos hartos de la politiquer\u00eda.<\/p>\n\n\n\n<p>En este sentido, se puede decir que ha sido exitosa la gira del gobernador\u2026 y todav\u00eda no acaba.<\/p>\n\n\n\n<p>Si bien todav\u00eda no son elecciones y son tiempos de relativa paz hasta que se desaten las pasiones en la b\u00fasqueda de cargos en 2024, es justo ahora cuando debe aplicarse la pol\u00edtica por el bien todos los ciudadanos: en nada ayuda que la zona que tiene el municipio m\u00e1s importante est\u00e9 peleada con el Gobierno de Veracruz s\u00f3lo porque son de colores distintos, de banderas y siglas diferentes.<\/p>\n\n\n\n<p>Las se\u00f1ales enviadas por el gobernador y los alcaldes (m\u00e1s all\u00e1 de que a lo mejor sean simples diplomacias) muestran que s\u00ed puede haber entendimientos, acuerdos, en una situaci\u00f3n donde la polarizaci\u00f3n no ayuda en nada y menos por tonter\u00edas como la simpat\u00eda fan\u00e1tica por un partido pol\u00edtico o la animadversi\u00f3n recalcitrante del otro.<\/p>\n\n\n\n<p>A lo anterior se debe sumar que ambos municipios tambi\u00e9n necesitan ayuda luego de dos a\u00f1os y pico de pandemia; que tambi\u00e9n reciben muchos recursos de la federaci\u00f3n y es necesaria la coordinaci\u00f3n con el gobierno estatal para temas de salud y seguridad.<\/p>\n\n\n\n<p>Por ejemplo, un acierto muy notable fue el que ambos alcaldes firmaran el convenio con el Gobierno de Veracruz para la recaudaci\u00f3n del impuesto predial. El evento, muy significativo, estuvo precisamente encabezado por el gobernador Cuitl\u00e1huac Garc\u00eda Jim\u00e9nez, la alcaldesa de Veracruz, Patricia Lobeira de Yunes, el alcalde de Boca del R\u00edo, Juan Manuel Abascal Unanue, acompa\u00f1ados por el secretario de Finanzas, Jos\u00e9 Luis Lima Franco, de los m\u00e1s serios secretarios y funcionarios rescatables del gabinete que no usa tanto reflector.<\/p>\n\n\n\n<p>V\u00eda redes sociales, Lima Franco destac\u00f3: \u201cUno de los principales beneficios del convenio es que los ayuntamientos recibir\u00e1n un 30% m\u00e1s del fondo de fomento municipal, recurso que coadyuvar\u00e1 para cumplir con los programas establecidos en los planes municipales de desarrollo\u201d.<\/p>\n\n\n\n<p>Hace unas columnas atr\u00e1s, se hablaba de que hab\u00edan acercamientos entre estos grupos antag\u00f3nicos (el gobierno estatal morenista y las alcald\u00edas yunistas, pertenecientes al grupo del exgobernador Miguel \u00c1ngel Yunes Linares). No hace mucho, por ejemplo, el exalcalde de Veracruz, Fernando Yunes, manten\u00eda una confrontaci\u00f3n directa con el gobierno del estado, con todo el sello de la familia.<\/p>\n\n\n\n<p>Parece, y digo s\u00f3lo parece, que no est\u00e1bamos en un error cuando decimos que hubo acercamientos, pues hasta fotograf\u00edas del gobernador en medios de la zona conurbada ya se han manejado con una l\u00ednea diferente a la del pitorreo y sorna (los m\u00e1s extremistas seguramente no lo pueden creer).<\/p>\n\n\n\n<p>Pero adem\u00e1s debe decirse que las nuevas aproximaciones parecen haber sido tambi\u00e9n por la actitud de los nuevos alcaldes que no buscan la confrontaci\u00f3n y dieron las se\u00f1ales para tender puentes.<\/p>\n\n\n\n<p>Es muy maduro de esta nueva clase pol\u00edtica que se reuni\u00f3 en pasados d\u00edas para hacer valer su liderazgo formal para pacificar y apaciguar los enconos entre sus simpatizantes. Las campa\u00f1as electorales tiene rato que acabaron y no deben de seguir creciendo las animosidades. Ahora falta que sus correligionarios partidistas se sumen a esa nueva din\u00e1mica por el bien de Veracruz.<\/p>\n\n\n\n<p>La gira pues, fue exitosa y sigue\u2026 porque este jueves y viernes contin\u00faa el mandatario estatal por territorio yunista y ahora viene hasta el presidente Andr\u00e9s Manuel L\u00f3pez Obrador\u2026 \u00bfSer\u00e1 que inviten a los alcaldes a los eventos encabezados por el jefe del Ejecutivo? De ser as\u00ed, cuente usted con que ya se est\u00e1 \u2014quiz\u00e1s\u2014 iniciando una nueva etapa.<\/p>\n\n\n\n<p>Por cierto, \u00bfy Huerta? \u00bfNo era el encargado pol\u00edtico de la zona, pues?<\/p>\n\n\n\n<p>Ojal\u00e1 este acercamiento sea duradero y para bien. Que en lugar de la politiquer\u00eda se trabaje en conjunto como debe ser para irle quitando colores al asunto.<\/p>\n\n\n\n<p><strong>NOTA PARA PEGAR EN EL REFRI: <\/strong>Con la pena por el paisano, pero la verdad que fue un exceso el video que grab\u00f3 al interior de la C\u00e1mara de Diputados el presidente de la Mesa Directiva, Sergio Guti\u00e9rrez Luna, jugando futbol dentro del recinto legislativo con Luis \u201cEl Matador\u201d Hern\u00e1ndez\u2026 Aqu\u00ed aplica el \u201c\u00bfComo para qu\u00e9?\u201d\u2026 \u00bfQu\u00e9 buscaba el diputado con un video que no tiene ni pies ni cabeza, y s\u00f3lo se ven un par de bueyes que irresponsablemente le faltan el respeto al Poder Legislativo jugando con una pelota en el \u00e1rea de curules?\u2026 Fue en verdad excesivo, pues si lo que quer\u00eda Sergio era lucirse que estaba con \u201cEl Matador\u201d, bien pudieron echarse una cascarita en otro lado para no faltarle el respeto a un espacio solemne y serio\u2026 L\u00e1stima, porque hab\u00edan hecho un buen evento reconociendo a veracruzanos destacados, hasta que lleg\u00f3 la batea de babas derivada de la soberbia y la ocurrencia\u2026 Sin duda la espinita de no haber sacado la Reforma El\u00e9ctrica la quieren compensar con payasadas.<\/p>\n\n\n\n<p><strong>OTRA NOTA:<\/strong> Que este jueves ser\u00e1 presentado oficialmente el cartel art\u00edstico del SalsaFest, lo que tiene a las veracruzanas, veracruzanos, veracruzanes, vurucruzunus, harto de contentos\u2026 La presentaci\u00f3n ser\u00e1 en el World Trade Center a las 10 de la ma\u00f1ana. El que tambi\u00e9n va a estar presente es el gober Cuitl\u00e1huac, a quien le encanta eso de la bailada.<\/p>\n\n\n\n<p><strong>LA \u00daLTIMA PORQUE TOCA MADRUGAR:<\/strong> Que el juez de proceso y procedimiento penal oral del distrito judicial de Xalapa, con sede en Pacho Viejo, concret\u00f3 la vinculaci\u00f3n a proceso en contra de Patricio Alejandro \u201cN\u201d, alias \u201cEl Munra\u201d, edil electo del municipio de Ixtaczoquitl\u00e1n, del partido pol\u00edtico Movimiento Ciudadano, por el presunto delito de homicidio doloso calificado, cometido en agravio del periodista Jacinto Romero Flores, hechos suscitados en ese municipio, el 19 de agosto de 2021. El juez impuso medida cautelar de prisi\u00f3n preventiva oficiosa por un a\u00f1o y tres meses de investigaci\u00f3n complementaria.<\/p>\n","protected":false},"excerpt":{"rendered":"<p>ColumnaSinNombre@pablojair Iba todo bien en San L\u00e1zaro, hasta que lleg\u00f3 el exceso\u2026 Presentan este jueves el cartel art\u00edstico del SalsaFest 2022. Vinculan a proceso al presunto asesino de Jacinto Romero. Que me perdonen los milenials, pero est\u00e1 muy chafa su nuevo Batman\u2014Chopenjawer Recientes im\u00e1genes detallan que, al menos en estos d\u00edas, se han estado tendiendo [&hellip;]<\/p>\n","protected":false},"author":1,"featured_media":488,"comment_status":"open","ping_status":"open","sticky":false,"template":"","format":"standard","meta":{"_jetpack_memberships_contains_paid_content":false,"footnotes":""},"categories":[11],"tags":[],"class_list":["post-26225","post","type-post","status-publish","format-standard","has-post-thumbnail","hentry","category-opinion"],"jetpack_featured_media_url":"https:\/\/encuentroinformativo.com.mx\/wp-content\/uploads\/2020\/03\/F471F608-BA1A-416B-BA7B-BCFB24F4E6D0.jpeg","jetpack_sharing_enabled":true,"jetpack_likes_enabled":true,"amp_enabled":true,"_links":{"self":[{"href":"https:\/\/encuentroinformativo.com.mx\/index.php?rest_route=\/wp\/v2\/posts\/26225","targetHints":{"allow":["GET"]}}],"collection":[{"href":"https:\/\/encuentroinformativo.com.mx\/index.php?rest_route=\/wp\/v2\/posts"}],"about":[{"href":"https:\/\/encuentroinformativo.com.mx\/index.php?rest_route=\/wp\/v2\/types\/post"}],"author":[{"embeddable":true,"href":"https:\/\/encuentroinformativo.com.mx\/index.php?rest_route=\/wp\/v2\/users\/1"}],"replies":[{"embeddable":true,"href":"https:\/\/encuentroinformativo.com.mx\/index.php?rest_route=%2Fwp%2Fv2%2Fcomments&post=26225"}],"version-history":[{"count":1,"href":"https:\/\/encuentroinformativo.com.mx\/index.php?rest_route=\/wp\/v2\/posts\/26225\/revisions"}],"predecessor-version":[{"id":26226,"href":"https:\/\/encuentroinformativo.com.mx\/index.php?rest_route=\/wp\/v2\/posts\/26225\/revisions\/26226"}],"wp:featuredmedia":[{"embeddable":true,"href":"https:\/\/encuentroinformativo.com.mx\/index.php?rest_route=\/wp\/v2\/media\/488"}],"wp:attachment":[{"href":"https:\/\/encuentroinformativo.com.mx\/index.php?rest_route=%2Fwp%2Fv2%2Fmedia&parent=26225"}],"wp:term":[{"taxonomy":"category","embeddable":true,"href":"https:\/\/encuentroinformativo.com.mx\/index.php?rest_route=%2Fwp%2Fv2%2Fcategories&post=26225"},{"taxonomy":"post_tag","embeddable":true,"href":"https:\/\/encuentroinformativo.com.mx\/index.php?rest_route=%2Fwp%2Fv2%2Ftags&post=26225"}],"curies":[{"name":"wp","href":"https:\/\/api.w.org\/{rel}","templated":true}]}}