{"id":26231,"date":"2022-04-21T12:15:51","date_gmt":"2022-04-21T17:15:51","guid":{"rendered":"https:\/\/encuentroinformativo.com.mx\/?p=26231"},"modified":"2022-04-21T12:53:36","modified_gmt":"2022-04-21T17:53:36","slug":"protestan-en-fiscalia-piden-informacion-de-familiares","status":"publish","type":"post","link":"https:\/\/encuentroinformativo.com.mx\/?p=26231","title":{"rendered":"Protestan en Fiscal\u00eda, piden informaci\u00f3n de familiares"},"content":{"rendered":"\n<p><strong>Juan Arcos<\/strong><\/p>\n\n\n\n<p>Xalapa, Ver.- Familiares y amigos de Nayeli, Pablo y Octavio protestaron afuera de la Fiscal\u00eda General del Estado (FGE) y bloquearon el bulevar Arco Sur para exigir su liberaci\u00f3n, pues aseguran que les est\u00e1n \u201cfabricando\u201d delitos y son inocentes.<\/p>\n\n\n\n<p>De acuerdo con Salvador J\u00e1come, primo de Nayeli, las tres personas fueron detenidas la madrugada del pasado martes 19 de abril en el municipio de Medell\u00edn de Bravo, cerca del puerto de Veracruz.<\/p>\n\n\n\n<p>El entrevistado denunci\u00f3 que los polic\u00edas entraron con \u201clujo de violencia\u201d al domicilio y \u201clevantaron\u201d a su prima, al esposo de ella y a su t\u00edo.<\/p>\n\n\n\n<p>A su juicio, se trata de personas honradas que se han dedicado a trabajar para mantener a sus familiares; sin embargo, las autoridades no han informado el motivo por el cual fueron detenidos.<\/p>\n\n\n\n<p>\u201cNo hay argumentos, es lo que nos tiene as\u00ed, es una injusticia, si hubo una equivocaci\u00f3n aqu\u00ed tienen que ver eso, porque se llevaron a una familia inocente. Es gente que trabaja\u201d, expres\u00f3.<\/p>\n\n\n\n<p>Nayeli se dedicaba a vender ropa y bisuter\u00eda, mientras que su esposo Pablo labora en una empresa refresquera y, su pap\u00e1 Octavio, como taxista.<\/p>\n\n\n\n<p>Salvador J\u00e1come indic\u00f3 que las personas fueron detenidas con violencia frente a sus sobrinos, de nueve y seis a\u00f1os.<\/p>\n\n\n\n<p>\u201cRompieron las puertas, entraron las autoridades, se llevaron cosas, entraron como si fueran delincuentes, no entraron con orden de cateo\u201d, a\u00f1adi\u00f3.<\/p>\n\n\n\n<p>Los familiares y amigos de Nayeli, Pablo y Octavio pidieron que haya justicia en el caso y los tres sean liberados.<\/p>\n\n\n\n<p>Los manifestantes piden saber el motivo de la detenci\u00f3n y saber en qu\u00e9 estado se encuentran ya que no los han permitido tener contacto con ellos.<\/p>\n\n\n\n<figure class=\"wp-block-image size-large\"><img loading=\"lazy\" decoding=\"async\" width=\"1024\" height=\"576\" src=\"https:\/\/encuentroinformativo.com.mx\/wp-content\/uploads\/2022\/04\/160C57A2-61E9-4A19-BEFD-FD611E1FEC1B-1024x576.jpeg\" alt=\"\" class=\"wp-image-26233\" srcset=\"https:\/\/encuentroinformativo.com.mx\/wp-content\/uploads\/2022\/04\/160C57A2-61E9-4A19-BEFD-FD611E1FEC1B-1024x576.jpeg 1024w, https:\/\/encuentroinformativo.com.mx\/wp-content\/uploads\/2022\/04\/160C57A2-61E9-4A19-BEFD-FD611E1FEC1B-300x169.jpeg 300w, https:\/\/encuentroinformativo.com.mx\/wp-content\/uploads\/2022\/04\/160C57A2-61E9-4A19-BEFD-FD611E1FEC1B-768x432.jpeg 768w, https:\/\/encuentroinformativo.com.mx\/wp-content\/uploads\/2022\/04\/160C57A2-61E9-4A19-BEFD-FD611E1FEC1B-1536x864.jpeg 1536w, https:\/\/encuentroinformativo.com.mx\/wp-content\/uploads\/2022\/04\/160C57A2-61E9-4A19-BEFD-FD611E1FEC1B.jpeg 1599w\" sizes=\"auto, (max-width: 1024px) 100vw, 1024px\" \/><\/figure>\n\n\n\n<figure class=\"wp-block-image size-large\"><img loading=\"lazy\" decoding=\"async\" width=\"1024\" height=\"576\" src=\"https:\/\/encuentroinformativo.com.mx\/wp-content\/uploads\/2022\/04\/0AE3D004-ACC6-43E7-A7B3-119581B0A8B8-1024x576.jpeg\" alt=\"\" class=\"wp-image-26234\" srcset=\"https:\/\/encuentroinformativo.com.mx\/wp-content\/uploads\/2022\/04\/0AE3D004-ACC6-43E7-A7B3-119581B0A8B8-1024x576.jpeg 1024w, https:\/\/encuentroinformativo.com.mx\/wp-content\/uploads\/2022\/04\/0AE3D004-ACC6-43E7-A7B3-119581B0A8B8-300x169.jpeg 300w, https:\/\/encuentroinformativo.com.mx\/wp-content\/uploads\/2022\/04\/0AE3D004-ACC6-43E7-A7B3-119581B0A8B8-768x432.jpeg 768w, https:\/\/encuentroinformativo.com.mx\/wp-content\/uploads\/2022\/04\/0AE3D004-ACC6-43E7-A7B3-119581B0A8B8-1536x864.jpeg 1536w, https:\/\/encuentroinformativo.com.mx\/wp-content\/uploads\/2022\/04\/0AE3D004-ACC6-43E7-A7B3-119581B0A8B8.jpeg 1599w\" sizes=\"auto, (max-width: 1024px) 100vw, 1024px\" \/><\/figure>\n","protected":false},"excerpt":{"rendered":"<p>Juan Arcos Xalapa, Ver.- Familiares y amigos de Nayeli, Pablo y Octavio protestaron afuera de la Fiscal\u00eda General del Estado (FGE) y bloquearon el bulevar Arco Sur para exigir su liberaci\u00f3n, pues aseguran que les est\u00e1n \u201cfabricando\u201d delitos y son inocentes. De acuerdo con Salvador J\u00e1come, primo de Nayeli, las tres personas fueron detenidas la [&hellip;]<\/p>\n","protected":false},"author":1,"featured_media":26232,"comment_status":"open","ping_status":"open","sticky":false,"template":"","format":"standard","meta":{"_jetpack_memberships_contains_paid_content":false,"footnotes":""},"categories":[3],"tags":[],"class_list":["post-26231","post","type-post","status-publish","format-standard","has-post-thumbnail","hentry","category-xalapa"],"jetpack_featured_media_url":"https:\/\/encuentroinformativo.com.mx\/wp-content\/uploads\/2022\/04\/6DA16C9C-D1D2-4922-9682-D489534D5470.jpeg","jetpack_sharing_enabled":true,"jetpack_likes_enabled":true,"amp_enabled":true,"_links":{"self":[{"href":"https:\/\/encuentroinformativo.com.mx\/index.php?rest_route=\/wp\/v2\/posts\/26231","targetHints":{"allow":["GET"]}}],"collection":[{"href":"https:\/\/encuentroinformativo.com.mx\/index.php?rest_route=\/wp\/v2\/posts"}],"about":[{"href":"https:\/\/encuentroinformativo.com.mx\/index.php?rest_route=\/wp\/v2\/types\/post"}],"author":[{"embeddable":true,"href":"https:\/\/encuentroinformativo.com.mx\/index.php?rest_route=\/wp\/v2\/users\/1"}],"replies":[{"embeddable":true,"href":"https:\/\/encuentroinformativo.com.mx\/index.php?rest_route=%2Fwp%2Fv2%2Fcomments&post=26231"}],"version-history":[{"count":2,"href":"https:\/\/encuentroinformativo.com.mx\/index.php?rest_route=\/wp\/v2\/posts\/26231\/revisions"}],"predecessor-version":[{"id":26246,"href":"https:\/\/encuentroinformativo.com.mx\/index.php?rest_route=\/wp\/v2\/posts\/26231\/revisions\/26246"}],"wp:featuredmedia":[{"embeddable":true,"href":"https:\/\/encuentroinformativo.com.mx\/index.php?rest_route=\/wp\/v2\/media\/26232"}],"wp:attachment":[{"href":"https:\/\/encuentroinformativo.com.mx\/index.php?rest_route=%2Fwp%2Fv2%2Fmedia&parent=26231"}],"wp:term":[{"taxonomy":"category","embeddable":true,"href":"https:\/\/encuentroinformativo.com.mx\/index.php?rest_route=%2Fwp%2Fv2%2Fcategories&post=26231"},{"taxonomy":"post_tag","embeddable":true,"href":"https:\/\/encuentroinformativo.com.mx\/index.php?rest_route=%2Fwp%2Fv2%2Ftags&post=26231"}],"curies":[{"name":"wp","href":"https:\/\/api.w.org\/{rel}","templated":true}]}}