{"id":26236,"date":"2022-04-21T12:20:04","date_gmt":"2022-04-21T17:20:04","guid":{"rendered":"https:\/\/encuentroinformativo.com.mx\/?p=26236"},"modified":"2022-04-21T12:20:07","modified_gmt":"2022-04-21T17:20:07","slug":"realizan-en-el-congreso-campana-de-vacunacion-contra-covid-19","status":"publish","type":"post","link":"https:\/\/encuentroinformativo.com.mx\/?p=26236","title":{"rendered":"Realizan en el Congreso campa\u00f1a de vacunaci\u00f3n contra Covid-19"},"content":{"rendered":"\n<p><strong>*Encabeza la diputada Adriana Esther Mart\u00ednez S\u00e1nchez esta jornada, dirigida a personal que labora en el Poder Legislativo y familiares.<\/strong><\/p>\n\n\n\n<p>Xalapa, Ver.- Con el apoyo de personal del Instituto Mexicano del Seguro Social (IMSS) y la colaboraci\u00f3n del Servicio M\u00e9dico del Congreso del Estado, este jueves, se realiz\u00f3 una jornada de vacunaci\u00f3n contra Covid-19 dirigida al personal que labora en el Poder Legislativo del estado y familiares.<\/p>\n\n\n\n<p>Presente en el inicio de las actividades y al lado del presidente de la Junta de Coordinaci\u00f3n Pol\u00edtica (Jucopo), diputado Juan Javier G\u00f3mez Cazar\u00edn, la presidenta de la Comisi\u00f3n Permanente de Salud y Asistencia, diputada Adriana Esther Mart\u00ednez S\u00e1nchez, agradeci\u00f3 el respaldo y la disposici\u00f3n de la Secretar\u00eda de Salud (SS) estatal, ya que \u201cdesde la pasada y la actual legislatura, realizamos campa\u00f1as de mastograf\u00edas, h\u00e1bitos alimenticios saludables y prevenci\u00f3n de enfermedades\u201d.<\/p>\n\n\n\n<p>En relaci\u00f3n con la jornada de vacunaci\u00f3n contra Covid-19, la Diputada inform\u00f3 acerca de la aplicaci\u00f3n de dosis para las personas mayores de 18 a\u00f1os que, por motivos laborales o personales, no hayan podido vacunarse en las fechas establecidas en el rango etario por la autoridad sanitaria.<\/p>\n\n\n\n<p>Esta dosis \u201ces para aquellos trabajadores o familiares que no tengan su esquema completo de vacunaci\u00f3n. Es muy importante coadyuvar para que todas y todos est\u00e9n vacunados y as\u00ed reducir en gran medida el n\u00famero de contagios, pero, principalmente, para cuidar su salud\u201d.<\/p>\n\n\n\n<p>En tanto, la jefa del Servicio M\u00e9dico del Congreso del Estado, doctora Claudia del Rosario Garc\u00eda P\u00e9rez, manifest\u00f3 que, por instrucciones del Presidente de la Jucopo, se han llevado a cabo diversas campa\u00f1as durante el a\u00f1o y adelant\u00f3 que en mayo pr\u00f3ximo ser\u00e1 instalado en el Palacio Legislativo un m\u00f3dulo para la realizaci\u00f3n de mastograf\u00edas.<\/p>\n\n\n\n<p>Adem\u00e1s, expuso la servidora p\u00fablica, este Congreso trabaja en materia de prevenci\u00f3n de enfermedades y contin\u00faa con la concienciaci\u00f3n sobre el adecuado lavado de manos, el uso de cubrebocas y las medidas de higiene tanto en casa como en el lugar de trabajo.<\/p>\n","protected":false},"excerpt":{"rendered":"<p>*Encabeza la diputada Adriana Esther Mart\u00ednez S\u00e1nchez esta jornada, dirigida a personal que labora en el Poder Legislativo y familiares. Xalapa, Ver.- Con el apoyo de personal del Instituto Mexicano del Seguro Social (IMSS) y la colaboraci\u00f3n del Servicio M\u00e9dico del Congreso del Estado, este jueves, se realiz\u00f3 una jornada de vacunaci\u00f3n contra Covid-19 dirigida [&hellip;]<\/p>\n","protected":false},"author":1,"featured_media":26237,"comment_status":"open","ping_status":"open","sticky":false,"template":"","format":"standard","meta":{"_jetpack_memberships_contains_paid_content":false,"footnotes":""},"categories":[9],"tags":[],"class_list":["post-26236","post","type-post","status-publish","format-standard","has-post-thumbnail","hentry","category-salud"],"jetpack_featured_media_url":"https:\/\/encuentroinformativo.com.mx\/wp-content\/uploads\/2022\/04\/CCFC4C18-8622-4155-B66C-1465A8AC52E8.jpeg","jetpack_sharing_enabled":true,"jetpack_likes_enabled":true,"amp_enabled":true,"_links":{"self":[{"href":"https:\/\/encuentroinformativo.com.mx\/index.php?rest_route=\/wp\/v2\/posts\/26236","targetHints":{"allow":["GET"]}}],"collection":[{"href":"https:\/\/encuentroinformativo.com.mx\/index.php?rest_route=\/wp\/v2\/posts"}],"about":[{"href":"https:\/\/encuentroinformativo.com.mx\/index.php?rest_route=\/wp\/v2\/types\/post"}],"author":[{"embeddable":true,"href":"https:\/\/encuentroinformativo.com.mx\/index.php?rest_route=\/wp\/v2\/users\/1"}],"replies":[{"embeddable":true,"href":"https:\/\/encuentroinformativo.com.mx\/index.php?rest_route=%2Fwp%2Fv2%2Fcomments&post=26236"}],"version-history":[{"count":1,"href":"https:\/\/encuentroinformativo.com.mx\/index.php?rest_route=\/wp\/v2\/posts\/26236\/revisions"}],"predecessor-version":[{"id":26238,"href":"https:\/\/encuentroinformativo.com.mx\/index.php?rest_route=\/wp\/v2\/posts\/26236\/revisions\/26238"}],"wp:featuredmedia":[{"embeddable":true,"href":"https:\/\/encuentroinformativo.com.mx\/index.php?rest_route=\/wp\/v2\/media\/26237"}],"wp:attachment":[{"href":"https:\/\/encuentroinformativo.com.mx\/index.php?rest_route=%2Fwp%2Fv2%2Fmedia&parent=26236"}],"wp:term":[{"taxonomy":"category","embeddable":true,"href":"https:\/\/encuentroinformativo.com.mx\/index.php?rest_route=%2Fwp%2Fv2%2Fcategories&post=26236"},{"taxonomy":"post_tag","embeddable":true,"href":"https:\/\/encuentroinformativo.com.mx\/index.php?rest_route=%2Fwp%2Fv2%2Ftags&post=26236"}],"curies":[{"name":"wp","href":"https:\/\/api.w.org\/{rel}","templated":true}]}}