{"id":26239,"date":"2022-04-21T12:23:25","date_gmt":"2022-04-21T17:23:25","guid":{"rendered":"https:\/\/encuentroinformativo.com.mx\/?p=26239"},"modified":"2022-04-21T12:23:29","modified_gmt":"2022-04-21T17:23:29","slug":"con-el-salsa-fest-2022-regresan-los-grandes-exponentes-del-genero-a-veracruz","status":"publish","type":"post","link":"https:\/\/encuentroinformativo.com.mx\/?p=26239","title":{"rendered":"Con el Salsa Fest 2022, regresan los grandes exponentes del g\u00e9nero a Veracruz"},"content":{"rendered":"\n<p><strong>*La sede ser\u00e1 inamovible y el evento gratuito, en esta ocasi\u00f3n del 02 al 04 de junio.<\/strong><\/p>\n\n\n\n<p>Boca del R\u00edo, Ver.- Dentro de seis semanas, el baile y el gozo regresar\u00e1n al sals\u00f3dromo m\u00e1s grande del pa\u00eds de la mano de artistas como India, Tito Nieves, Jerry Rivera, V\u00edctor Manuelle y \u00d3scar D\u2019 Le\u00f3n, confirmaron este jueves autoridades estatales y municipales al dar a conocer la cartelera del Salsa Fest Veracruz 2022.<\/p>\n\n\n\n<p>En la presentaci\u00f3n, el gobernador Cuitl\u00e1huac Garc\u00eda Jim\u00e9nez celebr\u00f3 la gran expectativa a nivel nacional e internacional; \u201cse comienza a hablar ya de este evento \u00fanico que, adem\u00e1s de ser gratuito, re\u00fane los m\u00e1s altos exponentes de este g\u00e9nero y es un orgullo de Veracruz\u201d.<\/p>\n\n\n\n<p>Afirm\u00f3 que el festival quedar\u00e1 como legado y de manera inamovible para repetirlo a\u00f1o con a\u00f1o en esta ciudad que tiene la infraestructura y disposici\u00f3n de sus autoridades; \u201ccon ello demostramos que no tenemos miramientos partidistas cuando se trata de impulsar, entre todos, un beneficio a la poblaci\u00f3n. A nosotros no nos interesa la politiquer\u00eda\u201d, destac\u00f3.<\/p>\n\n\n\n<p>Del 02 al 04 de junio, a partir de las 7 de la noche y luego de una pausa de tres a\u00f1os a causa de la contingencia por COVID-19, vuelven estas actividades al bulevar Vicente Fox; aunque ser\u00e1n al aire libre habr\u00e1n de ser implementados los protocolos sanitarios.<\/p>\n\n\n\n<p>Para abrir, el jueves estar\u00e1n en el escenario N\u2019 Klabe, India y Los Van Van; el vienes Sonora Carruseles, Tito Nieves y Jerry Rivera; cerrando el s\u00e1bado Diego Mor\u00e1n, V\u00edctor Manuelle y \u00d3scar D\u2019 Le\u00f3n, con la conducci\u00f3n de Juan Santiago y Eduardo \u201cEl Topper\u201d Cure\u00f1o.<\/p>\n\n\n\n<p>El secretario de Turismo y Cultura, Iv\u00e1n Francisco Mart\u00ednez Olvera, se\u00f1al\u00f3 que el Salsa Fest no s\u00f3lo ha generado n\u00fameros, sino que lleva la imagen de Veracruz a todo el pa\u00eds y m\u00e1s all\u00e1, siendo uno de los eventos m\u00e1s fuertes que impulsan la recuperaci\u00f3n tur\u00edstica y econ\u00f3mica.<\/p>\n\n\n\n<p>Este a\u00f1o la autoridad espera rebasar la cifra de 229 mil 947 asistentes registrada en la \u00faltima edici\u00f3n, la cual dej\u00f3 una derrama superior a los 264 millones 778 mil pesos y una ocupaci\u00f3n hotelera en la regi\u00f3n mayor al 95 por ciento en un fin de semana.<\/p>\n\n\n\n<p>En la p\u00e1gina www.salsafest2022.com, el p\u00fablico puede registrarse y obtener la acreditaci\u00f3n para acceder al sals\u00f3dromo sin ning\u00fan costo; en la presentaci\u00f3n estuvieron tambi\u00e9n el secretario de Gobierno, Eric Cisneros Burgos, y el alcalde de Boca del R\u00edo, Juan Manuel de Unanue Abascal.<\/p>\n","protected":false},"excerpt":{"rendered":"<p>*La sede ser\u00e1 inamovible y el evento gratuito, en esta ocasi\u00f3n del 02 al 04 de junio. Boca del R\u00edo, Ver.- Dentro de seis semanas, el baile y el gozo regresar\u00e1n al sals\u00f3dromo m\u00e1s grande del pa\u00eds de la mano de artistas como India, Tito Nieves, Jerry Rivera, V\u00edctor Manuelle y \u00d3scar D\u2019 Le\u00f3n, confirmaron [&hellip;]<\/p>\n","protected":false},"author":1,"featured_media":26240,"comment_status":"open","ping_status":"open","sticky":false,"template":"","format":"standard","meta":{"_jetpack_memberships_contains_paid_content":false,"footnotes":""},"categories":[2],"tags":[],"class_list":["post-26239","post","type-post","status-publish","format-standard","has-post-thumbnail","hentry","category-estado"],"jetpack_featured_media_url":"https:\/\/encuentroinformativo.com.mx\/wp-content\/uploads\/2022\/04\/D055AC9A-4E4A-4309-B73F-89A9E3416459.jpeg","jetpack_sharing_enabled":true,"jetpack_likes_enabled":true,"amp_enabled":true,"_links":{"self":[{"href":"https:\/\/encuentroinformativo.com.mx\/index.php?rest_route=\/wp\/v2\/posts\/26239","targetHints":{"allow":["GET"]}}],"collection":[{"href":"https:\/\/encuentroinformativo.com.mx\/index.php?rest_route=\/wp\/v2\/posts"}],"about":[{"href":"https:\/\/encuentroinformativo.com.mx\/index.php?rest_route=\/wp\/v2\/types\/post"}],"author":[{"embeddable":true,"href":"https:\/\/encuentroinformativo.com.mx\/index.php?rest_route=\/wp\/v2\/users\/1"}],"replies":[{"embeddable":true,"href":"https:\/\/encuentroinformativo.com.mx\/index.php?rest_route=%2Fwp%2Fv2%2Fcomments&post=26239"}],"version-history":[{"count":1,"href":"https:\/\/encuentroinformativo.com.mx\/index.php?rest_route=\/wp\/v2\/posts\/26239\/revisions"}],"predecessor-version":[{"id":26241,"href":"https:\/\/encuentroinformativo.com.mx\/index.php?rest_route=\/wp\/v2\/posts\/26239\/revisions\/26241"}],"wp:featuredmedia":[{"embeddable":true,"href":"https:\/\/encuentroinformativo.com.mx\/index.php?rest_route=\/wp\/v2\/media\/26240"}],"wp:attachment":[{"href":"https:\/\/encuentroinformativo.com.mx\/index.php?rest_route=%2Fwp%2Fv2%2Fmedia&parent=26239"}],"wp:term":[{"taxonomy":"category","embeddable":true,"href":"https:\/\/encuentroinformativo.com.mx\/index.php?rest_route=%2Fwp%2Fv2%2Fcategories&post=26239"},{"taxonomy":"post_tag","embeddable":true,"href":"https:\/\/encuentroinformativo.com.mx\/index.php?rest_route=%2Fwp%2Fv2%2Ftags&post=26239"}],"curies":[{"name":"wp","href":"https:\/\/api.w.org\/{rel}","templated":true}]}}