{"id":2625,"date":"2020-05-18T11:25:09","date_gmt":"2020-05-18T16:25:09","guid":{"rendered":"https:\/\/encuentroinformativo.com\/?p=2625"},"modified":"2020-05-18T11:25:12","modified_gmt":"2020-05-18T16:25:12","slug":"cgj-y-el-sabadaba-del-cjng","status":"publish","type":"post","link":"https:\/\/encuentroinformativo.com.mx\/?p=2625","title":{"rendered":"CGJ y el sabadaba del CJNG"},"content":{"rendered":"\n<p><strong>Los Pol\u00edticos<\/strong><\/p>\n\n\n\n<p><strong>Salvador Mu\u00f1oz<\/strong><\/p>\n\n\n\n<p>\u00bfQu\u00e9 pas\u00f3 el sabadaba? La respuesta simple y m\u00e1s obvia, es que un grupo delincuencial, de manera ordenada, con una log\u00edstica envidiable, no s\u00f3lo entreg\u00f3 v\u00edveres o despensas a un determinado grupo de personas de escasos recursos en varios puntos de la entidad, como fueron el sur, zona conurbada de Veracruz-Medell\u00edn, y el centro, sino que tambi\u00e9n hizo la funci\u00f3n que las autoridades deben de hacer en situaciones como las que se viven provocadas por la pandemia\u2026<\/p>\n\n\n\n<p>Cuando se dice que cumpli\u00f3 las funciones de las autoridades, es porque hasta el momento, ninguna ha dicho nada del Sabadaba del CJNG, o m\u00e1s bien, quien ten\u00eda que salir a dar la cara hizo mutis y en este caso, no me refiero al Gobernador, sino al secretario de Gobierno, en quien recae toda la responsabilidad del orden y estabilidad pol\u00edtica que debiera reinar en la entidad.<\/p>\n\n\n\n<p>Y por favor, quien crea que fue una respuesta del Gobierno del Estado lo ocurrido en La Perla, est\u00e1 muy equivocado\u2026 s\u00ed, bien que la Secretar\u00eda de Seguridad P\u00fablica (SSP) detuviera a Celia \u201cN\u201d, Salvador \u201cN\u201d, Sa\u00fal Elui \u201cN\u201d y Juan Carlos \u201cN\u201d, presuntos integrantes del C\u00e1rtel Jalisco Nueva Generaci\u00f3n (CJNG), como resultado del operativo desplegado tras un ataque contra polic\u00edas en este municipio, pero igual evidencia&nbsp; el abandono y la necesidad de la gente en este punto de la entidad, y por ende, la nula acci\u00f3n de las autoridades para con ello\u2026 hab\u00eda aproximadamente 400 personas recibiendo apoyos del CJNG\u2026<\/p>\n\n\n\n<p>No s\u00f3lo eso, sino lo ocurrido posterior a ello\u2026 un mensaje que lleg\u00f3 desde La Perla:<\/p>\n\n\n\n<p>\u201cHoy, un grupo de gente que se atrevi\u00f3 a desafiar la ley vino y regal\u00f3 cajas con alimentos&#8230; nosotros no lo pedimos, somos trabajadores, somos pueblo, y dice el dicho que a lo regalado, nadie le pone cara\u201d, pero desafortunadamente al secretario de Gobierno y al de Seguridad P\u00fablica les molest\u00f3 esto&#8230; \u201cqu\u00e9 bien que ataquen a los malos, y que si nos quitan el bocado de la boca, es porque ellos nos dar\u00e1n m\u00e1s, y as\u00ed se los mandamos a decir: \u00a1Gracias Gobierno! \u00a1esperamos sus despensas!\u201d<\/p>\n\n\n\n<p>El asunto se complica cuando el mensaje habla de que en el enfrentamiento, los polic\u00edas ingresaron a casas, golpearon, amenazaron, incluso \u201csecuestraron\u201d (SIC) a dos ni\u00f1as de una familia que identifican como Dur\u00e1n Guti\u00e9rrez, las fotografiaron violentando los derechos y tratados internacionales que protegen a los ni\u00f1os; incluso se\u00f1alan a un tal \u201cHuasteco\u201d quien realiz\u00f3 \u201cel operativo\u201d y quien est\u00e1 al mando de Jos\u00e9 Manuel Mart\u00ednez Pava, delegado de SSP en Ciudad Mendoza.<\/p>\n\n\n\n<p>La demanda al Gobernador, al secretario de Gobierno y al titular de SSP, es que se garantice la vida y seguridad de las ni\u00f1as y la familia Dur\u00e1n Guti\u00e9rrez, \u201cno somos ning\u00fan grupo delictivo, somos la gente que est\u00e1 cansada de tanto pinche abuso, de tanta discriminaci\u00f3n\u201d&#8230;<\/p>\n\n\n\n<p>Esto nos cuentan en La Perla\u2026 pero nadie nos dice qu\u00e9 pas\u00f3 el Sabadaba\u2026 como tampoco nos dicen qu\u00e9 pas\u00f3 en Sinaloa realmente, en una entidad donde se sabe qui\u00e9n manda, donde el control est\u00e1 en manos de una familia que es capaz de liberar a uno de sus miembros de manos de la Sedena, o que es capaz de eliminar a uno de sus enemigos sin que las autoridades act\u00faen\u2026 \u00a1igual! en un Sabadaba&#8230;<\/p>\n\n\n\n<p>Bueno, no extra\u00f1a\u2026 si la madre del Chapo se saluda con el Presidente, por qu\u00e9 deber\u00eda sorprendernos que el secretario de Gobierno ni chiste de que un C\u00e1rtel haga lo que deber\u00eda hacer el gobierno que se supone, \u00e9l, Eric Cisneros, debe mantener en equilibrio, en paz, en certidumbre\u2026 total, las cr\u00edticas del Sabadaba del CJNG se las come CGJ\u2026<br><\/p>\n\n\n\n<p><a href=\"mailto:smcainito@gmail.com\" target=\"_blank\" rel=\"noreferrer noopener\">smcainito@gmail.com<\/a><\/p>\n","protected":false},"excerpt":{"rendered":"<p>Los Pol\u00edticos Salvador Mu\u00f1oz \u00bfQu\u00e9 pas\u00f3 el sabadaba? La respuesta simple y m\u00e1s obvia, es que un grupo delincuencial, de manera ordenada, con una log\u00edstica envidiable, no s\u00f3lo entreg\u00f3 v\u00edveres o despensas a un determinado grupo de personas de escasos recursos en varios puntos de la entidad, como fueron el sur, zona conurbada de Veracruz-Medell\u00edn, [&hellip;]<\/p>\n","protected":false},"author":1,"featured_media":387,"comment_status":"open","ping_status":"open","sticky":false,"template":"","format":"standard","meta":{"_jetpack_memberships_contains_paid_content":false,"footnotes":""},"categories":[11],"tags":[],"class_list":["post-2625","post","type-post","status-publish","format-standard","has-post-thumbnail","hentry","category-opinion"],"jetpack_featured_media_url":"https:\/\/encuentroinformativo.com.mx\/wp-content\/uploads\/2020\/03\/7CF8A22B-2764-47BE-8F7F-38FE9E5D6A2F.jpeg","jetpack_sharing_enabled":true,"jetpack_likes_enabled":true,"amp_enabled":true,"_links":{"self":[{"href":"https:\/\/encuentroinformativo.com.mx\/index.php?rest_route=\/wp\/v2\/posts\/2625","targetHints":{"allow":["GET"]}}],"collection":[{"href":"https:\/\/encuentroinformativo.com.mx\/index.php?rest_route=\/wp\/v2\/posts"}],"about":[{"href":"https:\/\/encuentroinformativo.com.mx\/index.php?rest_route=\/wp\/v2\/types\/post"}],"author":[{"embeddable":true,"href":"https:\/\/encuentroinformativo.com.mx\/index.php?rest_route=\/wp\/v2\/users\/1"}],"replies":[{"embeddable":true,"href":"https:\/\/encuentroinformativo.com.mx\/index.php?rest_route=%2Fwp%2Fv2%2Fcomments&post=2625"}],"version-history":[{"count":1,"href":"https:\/\/encuentroinformativo.com.mx\/index.php?rest_route=\/wp\/v2\/posts\/2625\/revisions"}],"predecessor-version":[{"id":2626,"href":"https:\/\/encuentroinformativo.com.mx\/index.php?rest_route=\/wp\/v2\/posts\/2625\/revisions\/2626"}],"wp:featuredmedia":[{"embeddable":true,"href":"https:\/\/encuentroinformativo.com.mx\/index.php?rest_route=\/wp\/v2\/media\/387"}],"wp:attachment":[{"href":"https:\/\/encuentroinformativo.com.mx\/index.php?rest_route=%2Fwp%2Fv2%2Fmedia&parent=2625"}],"wp:term":[{"taxonomy":"category","embeddable":true,"href":"https:\/\/encuentroinformativo.com.mx\/index.php?rest_route=%2Fwp%2Fv2%2Fcategories&post=2625"},{"taxonomy":"post_tag","embeddable":true,"href":"https:\/\/encuentroinformativo.com.mx\/index.php?rest_route=%2Fwp%2Fv2%2Ftags&post=2625"}],"curies":[{"name":"wp","href":"https:\/\/api.w.org\/{rel}","templated":true}]}}