{"id":26252,"date":"2022-04-21T14:31:28","date_gmt":"2022-04-21T19:31:28","guid":{"rendered":"https:\/\/encuentroinformativo.com.mx\/?p=26252"},"modified":"2022-04-21T14:31:31","modified_gmt":"2022-04-21T19:31:31","slug":"oscar-de-leon-jerry-rivera-y-los-van-van-estaran-en-festival-de-la-salsa-2022","status":"publish","type":"post","link":"https:\/\/encuentroinformativo.com.mx\/?p=26252","title":{"rendered":"Oscar de Le\u00f3n, Jerry Rivera y Los Van Van estar\u00e1n en Festival de la Salsa 2022"},"content":{"rendered":"\n<p><strong>Alejandro \u00c1vila<\/strong><\/p>\n\n\n\n<p>Boca del R\u00edo, Ver.- Durante el anuncio del elenco del Festival de la salsa 2022, el gobernador Cuitl\u00e1huac Garc\u00eda Jim\u00e9nez asegur\u00f3 qu\u00e9, buscar\u00e1 quede asentado que el municipio de Boca del R\u00edo sea la sede inamovible del mencionado evento a\u00f1o con a\u00f1o.<\/p>\n\n\n\n<p>En la rueda de prensa realizada en el World Trade Center de Boca del R\u00edo, el Ejecutivo Estatal estuvo acompa\u00f1ado del secretario de gobierno, Eric Cisneros Burgos; as\u00ed como de secretario de Turismo, Iv\u00e1n Mart\u00ednez Olvera; y del alcalde de Boca del R\u00edo, Juan Manuel Unanue Abascal.<\/p>\n\n\n\n<p>&#8220;Vamos a postular que la sede inamovible del Salsa Fest en Veracruz, es en Boca del R\u00edo. Le agradezco alcalde esa disposici\u00f3n, porque ya de ah\u00ed vamos a dejar ese legado, para que se repita a\u00f1o con a\u00f1o en este municipio, que tiene, como lo ha dicho el alcalde, la infraestructura y la disposici\u00f3n besos autoridades. Y tambi\u00e9n con ella demostramos que nosotros no tenemos miramientos partidistas, de colores, la politiquer\u00eda no nos interesa cuando se trata de impulsar entre todos algo ben\u00e9fico para la poblaci\u00f3n, y que adem\u00e1s en estos momentos tiene una derrama econ\u00f3mica important\u00edsima, cu\u00e1ndo hemos sufrido durante 2 a\u00f1os de una merma en la reactivaci\u00f3n econ\u00f3mica&#8221;, asest\u00f3.<\/p>\n\n\n\n<p>El evento que se realizar\u00e1 en el bulevar &#8220;Vicente Fox&#8221; del 2 al 4 de junio, qued\u00f3 conformado de la siguiente manera.<\/p>\n\n\n\n<p>El jueves 2 de junio se presentar\u00e1 en los artistas N&#8217;Klabe, La India y Los Van Van; el viernes 3 de junio, La Sonora Carruseles, Tito Nieves y Jerry Rivera; mientras que el s\u00e1bado 4 de junio, Diego Mor\u00e1n, Victor Manuelle y Oscar de Le\u00f3n.<\/p>\n\n\n\n<p>Se mencion\u00f3 que el costo del Festival ronda los 20 millones de pesos, y se estima que la derrama econ\u00f3mica sea de 260 millones de pesos, durante los tres d\u00edas del evento.<\/p>\n\n\n\n<p>De la misma manera se asegur\u00f3 que, las corporaciones estatales y municipales de Tr\u00e1nsito y Polic\u00eda se coordinar\u00e1 para dar fluidez en la vialidad y protecci\u00f3n a todos los visitantes nacionales e internacionales.<\/p>\n","protected":false},"excerpt":{"rendered":"<p>Alejandro \u00c1vila Boca del R\u00edo, Ver.- Durante el anuncio del elenco del Festival de la salsa 2022, el gobernador Cuitl\u00e1huac Garc\u00eda Jim\u00e9nez asegur\u00f3 qu\u00e9, buscar\u00e1 quede asentado que el municipio de Boca del R\u00edo sea la sede inamovible del mencionado evento a\u00f1o con a\u00f1o. En la rueda de prensa realizada en el World Trade Center [&hellip;]<\/p>\n","protected":false},"author":1,"featured_media":26253,"comment_status":"open","ping_status":"open","sticky":false,"template":"","format":"standard","meta":{"_jetpack_memberships_contains_paid_content":false,"footnotes":""},"categories":[2],"tags":[],"class_list":["post-26252","post","type-post","status-publish","format-standard","has-post-thumbnail","hentry","category-estado"],"jetpack_featured_media_url":"https:\/\/encuentroinformativo.com.mx\/wp-content\/uploads\/2022\/04\/1E69BAE8-BBFE-4F0D-837E-BA52CE080496.jpeg","jetpack_sharing_enabled":true,"jetpack_likes_enabled":true,"amp_enabled":true,"_links":{"self":[{"href":"https:\/\/encuentroinformativo.com.mx\/index.php?rest_route=\/wp\/v2\/posts\/26252","targetHints":{"allow":["GET"]}}],"collection":[{"href":"https:\/\/encuentroinformativo.com.mx\/index.php?rest_route=\/wp\/v2\/posts"}],"about":[{"href":"https:\/\/encuentroinformativo.com.mx\/index.php?rest_route=\/wp\/v2\/types\/post"}],"author":[{"embeddable":true,"href":"https:\/\/encuentroinformativo.com.mx\/index.php?rest_route=\/wp\/v2\/users\/1"}],"replies":[{"embeddable":true,"href":"https:\/\/encuentroinformativo.com.mx\/index.php?rest_route=%2Fwp%2Fv2%2Fcomments&post=26252"}],"version-history":[{"count":1,"href":"https:\/\/encuentroinformativo.com.mx\/index.php?rest_route=\/wp\/v2\/posts\/26252\/revisions"}],"predecessor-version":[{"id":26254,"href":"https:\/\/encuentroinformativo.com.mx\/index.php?rest_route=\/wp\/v2\/posts\/26252\/revisions\/26254"}],"wp:featuredmedia":[{"embeddable":true,"href":"https:\/\/encuentroinformativo.com.mx\/index.php?rest_route=\/wp\/v2\/media\/26253"}],"wp:attachment":[{"href":"https:\/\/encuentroinformativo.com.mx\/index.php?rest_route=%2Fwp%2Fv2%2Fmedia&parent=26252"}],"wp:term":[{"taxonomy":"category","embeddable":true,"href":"https:\/\/encuentroinformativo.com.mx\/index.php?rest_route=%2Fwp%2Fv2%2Fcategories&post=26252"},{"taxonomy":"post_tag","embeddable":true,"href":"https:\/\/encuentroinformativo.com.mx\/index.php?rest_route=%2Fwp%2Fv2%2Ftags&post=26252"}],"curies":[{"name":"wp","href":"https:\/\/api.w.org\/{rel}","templated":true}]}}