{"id":26261,"date":"2022-04-21T17:40:25","date_gmt":"2022-04-21T22:40:25","guid":{"rendered":"https:\/\/encuentroinformativo.com.mx\/?p=26261"},"modified":"2022-04-21T17:40:29","modified_gmt":"2022-04-21T22:40:29","slug":"persisten-secuestros-en-veracruz","status":"publish","type":"post","link":"https:\/\/encuentroinformativo.com.mx\/?p=26261","title":{"rendered":"Persisten secuestros en Veracruz"},"content":{"rendered":"\n<p><strong>Juan Arcos<\/strong><\/p>\n\n\n\n<p>Xalapa, Ver.- Un total de 4 mil 558 secuestros y 5 mil 920 v\u00edctimas de este delito se han registrado en el pa\u00eds en lo que va de este a\u00f1o, revelan cifras de la organizaci\u00f3n Alto al Secuestro.<\/p>\n\n\n\n<p>De diciembre de 2018 a marzo pasado, Veracruz ocup\u00f3 el primer lugar nacional con el mayor n\u00famero de secuestros, contabilizando 839.<\/p>\n\n\n\n<p>Le sigui\u00f3 el Estado de M\u00e9xico con 740, la Ciudad de M\u00e9xico con 391, Puebla con 190 y Morelos con 182 secuestros.<\/p>\n\n\n\n<p>Actualmente, Veracruz ocupa el segundo lugar nacional con 13 privaciones de la libertad, solo despu\u00e9s del Estado de M\u00e9xico donde se contabilizan 16 casos.<\/p>\n\n\n\n<p>Le siguen Chihuahua con siete, Michoac\u00e1n con seis y Oaxaca y Guanajuato con cinco casos en cada entidad.<\/p>\n\n\n\n<p>Solo Aguascalientes, Colima, Durango, Quer\u00e9taro, Sinaloa, Tabasco y Yucat\u00e1n no reportaron casos de dicho delito. Mientras que en el resto de las entidades registraron entre uno y dos casos.<\/p>\n\n\n\n<p>Se habla de que el n\u00famero de casos en el pa\u00eds durante marzo reflej\u00f3 un alza del 5.9 por ciento, en comparaci\u00f3n con el mes anterior.<\/p>\n\n\n\n<p>En promedio, seg\u00fan cifras de Alto al Secuestro, en el pa\u00eds han ocurrido cuatro secuestros al d\u00eda, con una tendencia a la alza.<\/p>\n","protected":false},"excerpt":{"rendered":"<p>Juan Arcos Xalapa, Ver.- Un total de 4 mil 558 secuestros y 5 mil 920 v\u00edctimas de este delito se han registrado en el pa\u00eds en lo que va de este a\u00f1o, revelan cifras de la organizaci\u00f3n Alto al Secuestro. De diciembre de 2018 a marzo pasado, Veracruz ocup\u00f3 el primer lugar nacional con el [&hellip;]<\/p>\n","protected":false},"author":1,"featured_media":26262,"comment_status":"open","ping_status":"open","sticky":false,"template":"","format":"standard","meta":{"_jetpack_memberships_contains_paid_content":false,"footnotes":""},"categories":[2],"tags":[],"class_list":["post-26261","post","type-post","status-publish","format-standard","has-post-thumbnail","hentry","category-estado"],"jetpack_featured_media_url":"https:\/\/encuentroinformativo.com.mx\/wp-content\/uploads\/2022\/04\/F01998DA-0879-4D0D-B05B-B91F08EADBCB.jpeg","jetpack_sharing_enabled":true,"jetpack_likes_enabled":true,"amp_enabled":true,"_links":{"self":[{"href":"https:\/\/encuentroinformativo.com.mx\/index.php?rest_route=\/wp\/v2\/posts\/26261","targetHints":{"allow":["GET"]}}],"collection":[{"href":"https:\/\/encuentroinformativo.com.mx\/index.php?rest_route=\/wp\/v2\/posts"}],"about":[{"href":"https:\/\/encuentroinformativo.com.mx\/index.php?rest_route=\/wp\/v2\/types\/post"}],"author":[{"embeddable":true,"href":"https:\/\/encuentroinformativo.com.mx\/index.php?rest_route=\/wp\/v2\/users\/1"}],"replies":[{"embeddable":true,"href":"https:\/\/encuentroinformativo.com.mx\/index.php?rest_route=%2Fwp%2Fv2%2Fcomments&post=26261"}],"version-history":[{"count":1,"href":"https:\/\/encuentroinformativo.com.mx\/index.php?rest_route=\/wp\/v2\/posts\/26261\/revisions"}],"predecessor-version":[{"id":26263,"href":"https:\/\/encuentroinformativo.com.mx\/index.php?rest_route=\/wp\/v2\/posts\/26261\/revisions\/26263"}],"wp:featuredmedia":[{"embeddable":true,"href":"https:\/\/encuentroinformativo.com.mx\/index.php?rest_route=\/wp\/v2\/media\/26262"}],"wp:attachment":[{"href":"https:\/\/encuentroinformativo.com.mx\/index.php?rest_route=%2Fwp%2Fv2%2Fmedia&parent=26261"}],"wp:term":[{"taxonomy":"category","embeddable":true,"href":"https:\/\/encuentroinformativo.com.mx\/index.php?rest_route=%2Fwp%2Fv2%2Fcategories&post=26261"},{"taxonomy":"post_tag","embeddable":true,"href":"https:\/\/encuentroinformativo.com.mx\/index.php?rest_route=%2Fwp%2Fv2%2Ftags&post=26261"}],"curies":[{"name":"wp","href":"https:\/\/api.w.org\/{rel}","templated":true}]}}