{"id":26264,"date":"2022-04-21T17:46:06","date_gmt":"2022-04-21T22:46:06","guid":{"rendered":"https:\/\/encuentroinformativo.com.mx\/?p=26264"},"modified":"2022-04-21T17:46:10","modified_gmt":"2022-04-21T22:46:10","slug":"sedema-limpiara-11-de-las-18-lagunas-de-veracruz-puerto","status":"publish","type":"post","link":"https:\/\/encuentroinformativo.com.mx\/?p=26264","title":{"rendered":"SEDEMA limpiar\u00e1 11 de las 18 lagunas de Veracruz puerto"},"content":{"rendered":"\n<p><strong>Alejandro \u00c1vila<\/strong><\/p>\n\n\n\n<p>Veracruz, Ver.- El director de Medio Ambiente del municipio de Veracruz, Ricardo Colorado Alfonso asegur\u00f3 que, la Secretar\u00eda de Medio Ambiente (SEDEMA) limpiar\u00e1 11 de las 18 lagunas de la ciudad.<\/p>\n\n\n\n<p>Aseguro que el \u00e1rea a su cargo se encuentra eliminando el lirio de todo el Sistema Lagunar Interdiario que hay en la ciudad, mismo qu\u00e9 est\u00e1 declarado sitio RAMSAR.<\/p>\n\n\n\n<p>&#8220;Nosotros tenemos un programa en el cual estamos empezando a limpiar lirio, el tema de las lagunas est\u00e1 comenzando a trabajar con SEDEMA, van a bajar un recurso ellos, se est\u00e1 trabajando para ver de limpiar 11 lagunas, estamos haciendo la inspecci\u00f3n, la prospecci\u00f3n, para ver cu\u00e1les conviene m\u00e1s, por el tema de las sequ\u00edas, que realmente est\u00e1n afectando mucho, y el lirio hace qu\u00e9 se azolven m\u00e1s las lagunas, se est\u00e1 trabajando con las autoridades estatales, ya tuvimos una reuni\u00f3n previa, y se determinar\u00e1 cuales&#8221;, apunt\u00f3.<\/p>\n\n\n\n<p>Colorado Alfonso dijo qu\u00e9, previo a la temporada de lluvias iniciaron con la limpieza de lirio en la laguna &#8220;El Encanto&#8221;, ubicada en la Unidad Habitacional El Coyol.<\/p>\n\n\n\n<p>&#8220;Las Conchas, la Colorada, la Lagartos, las del Coyol, todas las del Coyol, realmente el problema del lirio est\u00e1 casi en todas las lagunas, pero el primer punto va a ser en 11 lagunas, todav\u00eda no determinamos exactamente cu\u00e1les, ya se anunciara cuando ya tengamos bien el an\u00e1lisis de todas&#8221;, se\u00f1al\u00f3.<\/p>\n","protected":false},"excerpt":{"rendered":"<p>Alejandro \u00c1vila Veracruz, Ver.- El director de Medio Ambiente del municipio de Veracruz, Ricardo Colorado Alfonso asegur\u00f3 que, la Secretar\u00eda de Medio Ambiente (SEDEMA) limpiar\u00e1 11 de las 18 lagunas de la ciudad. Aseguro que el \u00e1rea a su cargo se encuentra eliminando el lirio de todo el Sistema Lagunar Interdiario que hay en la [&hellip;]<\/p>\n","protected":false},"author":1,"featured_media":26265,"comment_status":"open","ping_status":"open","sticky":false,"template":"","format":"standard","meta":{"_jetpack_memberships_contains_paid_content":false,"footnotes":""},"categories":[2],"tags":[],"class_list":["post-26264","post","type-post","status-publish","format-standard","has-post-thumbnail","hentry","category-estado"],"jetpack_featured_media_url":"https:\/\/encuentroinformativo.com.mx\/wp-content\/uploads\/2022\/04\/6C66E5FC-12A6-4944-A73B-E8E0463A69C1.jpeg","jetpack_sharing_enabled":true,"jetpack_likes_enabled":true,"amp_enabled":true,"_links":{"self":[{"href":"https:\/\/encuentroinformativo.com.mx\/index.php?rest_route=\/wp\/v2\/posts\/26264","targetHints":{"allow":["GET"]}}],"collection":[{"href":"https:\/\/encuentroinformativo.com.mx\/index.php?rest_route=\/wp\/v2\/posts"}],"about":[{"href":"https:\/\/encuentroinformativo.com.mx\/index.php?rest_route=\/wp\/v2\/types\/post"}],"author":[{"embeddable":true,"href":"https:\/\/encuentroinformativo.com.mx\/index.php?rest_route=\/wp\/v2\/users\/1"}],"replies":[{"embeddable":true,"href":"https:\/\/encuentroinformativo.com.mx\/index.php?rest_route=%2Fwp%2Fv2%2Fcomments&post=26264"}],"version-history":[{"count":1,"href":"https:\/\/encuentroinformativo.com.mx\/index.php?rest_route=\/wp\/v2\/posts\/26264\/revisions"}],"predecessor-version":[{"id":26266,"href":"https:\/\/encuentroinformativo.com.mx\/index.php?rest_route=\/wp\/v2\/posts\/26264\/revisions\/26266"}],"wp:featuredmedia":[{"embeddable":true,"href":"https:\/\/encuentroinformativo.com.mx\/index.php?rest_route=\/wp\/v2\/media\/26265"}],"wp:attachment":[{"href":"https:\/\/encuentroinformativo.com.mx\/index.php?rest_route=%2Fwp%2Fv2%2Fmedia&parent=26264"}],"wp:term":[{"taxonomy":"category","embeddable":true,"href":"https:\/\/encuentroinformativo.com.mx\/index.php?rest_route=%2Fwp%2Fv2%2Fcategories&post=26264"},{"taxonomy":"post_tag","embeddable":true,"href":"https:\/\/encuentroinformativo.com.mx\/index.php?rest_route=%2Fwp%2Fv2%2Ftags&post=26264"}],"curies":[{"name":"wp","href":"https:\/\/api.w.org\/{rel}","templated":true}]}}