{"id":26271,"date":"2022-04-21T18:21:14","date_gmt":"2022-04-21T23:21:14","guid":{"rendered":"https:\/\/encuentroinformativo.com.mx\/?p=26271"},"modified":"2022-04-21T18:21:17","modified_gmt":"2022-04-21T23:21:17","slug":"salsa-fest-2022-sera-el-mejor-de-la-historia-alcalde-jm-unanue","status":"publish","type":"post","link":"https:\/\/encuentroinformativo.com.mx\/?p=26271","title":{"rendered":"\u201cSalsa Fest 2022 ser\u00e1 el mejor de la historia\u201d: Alcalde JM Un\u00e1nue"},"content":{"rendered":"\n<p><strong>*Gobernador del Estado y Presidente Municipal anuncian de manera conjunta el festival de la salsa del 2 al 4 de junio<\/strong>.<\/p>\n\n\n\n<p><strong>* La coordinaci\u00f3n con dependencias estatales y federales en materia de seguridad y log\u00edstica est\u00e1 garantizada<\/strong>.<\/p>\n\n\n\n<p><strong>*El gobernador Cuitl\u00e1huac Garc\u00eda agradeci\u00f3 la disposici\u00f3n del Alcalde y dijo que la sede del Salsa Fest Veracruz es Boca del R\u00edo y ser\u00e1 inamovible.<\/strong><\/p>\n\n\n\n<p>Boca del R\u00edo, Ver.- Durante la conferencia de prensa que realizaron de manera conjunta autoridades estatales y municipales para dar a conocer el \u201cSalsa Fest Veracruz 2022\u201d, el alcalde de Boca del R\u00edo, Juan Manuel Un\u00e1nue Abascal, destac\u00f3 que gracias al esfuerzo institucional de los gobiernos hoy anuncian el regreso del festival de la salsa, del 2 al 4 junio.<\/p>\n\n\n\n<p>\u201cDesde Boca del R\u00edo hacemos una invitaci\u00f3n a los amantes de la salsa para que vengan a bailar al salsodromo m\u00e1s grande del pa\u00eds, el Bulevar Vicente Fox, uno de los m\u00e1s bonitos del Golfo de M\u00e9xico\u201d, manifest\u00f3 el Alcalde.<\/p>\n\n\n\n<p>Dijo que la ciudad ofrece la mejor infraestructura hotelera, adem\u00e1s de que cuenta con una gastronom\u00eda invaluable, playas limpias y seguras, y servicios urbanos que mejoran notablemente el desplazamiento y disfrute de los visitantes.<\/p>\n\n\n\n<p>Adem\u00e1s, garantiz\u00f3 una coordinaci\u00f3n muy puntual con las dependencias estatales y federales en materia de seguridad y protecci\u00f3n civil, a fin de que cada visitante se sienta seguro. \u201cColaboraremos con nuestra fuerza de tarea municipal para que el tr\u00e1nsito y desplazamiento durante los d\u00edas del festival sea f\u00e1cil, flu\u00eddo y completamente seguro; \u00e9stas y todas las acciones que se requieran contar\u00e1n con el respaldo de la administraci\u00f3n municipal\u201d, reafirm\u00f3.<\/p>\n\n\n\n<p>En la rueda de prensa, en la que estuvo presente el Gobernador Cuitl\u00e1huac Garc\u00eda Jim\u00e9nez, acompa\u00f1ado por el secretario de Gobierno y el secretario de Turismo y Cultura, el alcalde Juan Manuel Un\u00e1nue les dio la bienvenida a Boca del R\u00edo y dijo:<\/p>\n\n\n\n<p>\u201cQuiero decirle Gobernador que en \u00e9ste y todos los proyectos que beneficien a los ciudadanos y a nuestro municipio contar\u00e1 con el respaldo de nuestro gobierno ya que desde Boca del R\u00edo estamos preparados para recibir a los turistas\u201d, a\u00f1adi\u00f3.<\/p>\n\n\n\n<p>Afirm\u00f3 que la suma de esfuerzos del estado y el municipio har\u00e1n que los asistentes locales, nacionales y extranjeros puedan disfrutar de la cartelera de artistas, el ambiente y la seguridad, con la que se desarrollar\u00e1 este festival, as\u00ed como del c\u00e1lido recibimiento que le dar\u00e1 el pueblo boque\u00f1o a todas y todos.<\/p>\n\n\n\n<p>Un\u00e1nue subray\u00f3 que este a\u00f1o se espera superar la asistencia del \u00faltimo Salsa Fest, realizado en el 2019, que fue de 230 mil asistentes y que dej\u00f3 una derrama econ\u00f3mica superior a los 264 millones de pesos.<\/p>\n\n\n\n<p><em>\u201cLa sede inamobible del Salsa Fest Veracruz, es Boca del R\u00edo\u201d: Gobernador Cuitl\u00e1huac Garc\u00eda<\/em><\/p>\n\n\n\n<p>El gobernador del Estado, Cuitl\u00e1huac Garc\u00eda Jim\u00e9nez, agradeci\u00f3 la disposici\u00f3n del Alcalde boque\u00f1o, Juan Manuel Un\u00e1nue, para la realizaci\u00f3n de este festival de salsa y afirm\u00f3 que la sede inamovible del Salsa Fest Veracruz, es Boca del R\u00edo.<\/p>\n\n\n\n<p>\u201cVamos a dejar ese legado para que se repita a\u00f1o con a\u00f1o en este municipio que tiene, como lo ha dicho el Alcalde, la estructura y la disposici\u00f3n de sus autoridades; tambi\u00e9n con ello demostramos que nosotros no tenemos miramientos partidistas de colores, la politiquer\u00eda no nos interesa cuando se trata de impulsar entre todos algo ben\u00e9fico para la poblaci\u00f3n y que tiene una derrama econ\u00f3mica important\u00edsima cuando hemos sufrido de 2 a\u00f1os de una merma en la reactivaci\u00f3n econ\u00f3mica.<\/p>\n\n\n\n<p>El Gobernador dijo que ya est\u00e1 causando gran expectativa este festival a nivel nacional e internacional y resalt\u00f3 3 puntos importantes: que ser\u00e1 gratuito, que re\u00fane a los m\u00e1s altos exponentes de la salsa en el mundo y que es ya un orgullo de Veracruz.<\/p>\n\n\n\n<p>\u201cTenemos garantizada la seguridad, la log\u00edstica de atenci\u00f3n, tenemos la infraestructura restaurantera, hotelera, suficiente y de sobra para atender toda la afluencia que llegue. Vamos a estar muy coordinados con el municipio que cuenta tambi\u00e9n con infraestructura y log\u00edstica propia\u201d, concluy\u00f3.<\/p>\n","protected":false},"excerpt":{"rendered":"<p>*Gobernador del Estado y Presidente Municipal anuncian de manera conjunta el festival de la salsa del 2 al 4 de junio. * La coordinaci\u00f3n con dependencias estatales y federales en materia de seguridad y log\u00edstica est\u00e1 garantizada. *El gobernador Cuitl\u00e1huac Garc\u00eda agradeci\u00f3 la disposici\u00f3n del Alcalde y dijo que la sede del Salsa Fest Veracruz [&hellip;]<\/p>\n","protected":false},"author":1,"featured_media":26272,"comment_status":"open","ping_status":"open","sticky":false,"template":"","format":"standard","meta":{"_jetpack_memberships_contains_paid_content":false,"footnotes":""},"categories":[2],"tags":[],"class_list":["post-26271","post","type-post","status-publish","format-standard","has-post-thumbnail","hentry","category-estado"],"jetpack_featured_media_url":"https:\/\/encuentroinformativo.com.mx\/wp-content\/uploads\/2022\/04\/CAF00DF7-0C72-440A-855F-204A09DA7E4E.jpeg","jetpack_sharing_enabled":true,"jetpack_likes_enabled":true,"amp_enabled":true,"_links":{"self":[{"href":"https:\/\/encuentroinformativo.com.mx\/index.php?rest_route=\/wp\/v2\/posts\/26271","targetHints":{"allow":["GET"]}}],"collection":[{"href":"https:\/\/encuentroinformativo.com.mx\/index.php?rest_route=\/wp\/v2\/posts"}],"about":[{"href":"https:\/\/encuentroinformativo.com.mx\/index.php?rest_route=\/wp\/v2\/types\/post"}],"author":[{"embeddable":true,"href":"https:\/\/encuentroinformativo.com.mx\/index.php?rest_route=\/wp\/v2\/users\/1"}],"replies":[{"embeddable":true,"href":"https:\/\/encuentroinformativo.com.mx\/index.php?rest_route=%2Fwp%2Fv2%2Fcomments&post=26271"}],"version-history":[{"count":1,"href":"https:\/\/encuentroinformativo.com.mx\/index.php?rest_route=\/wp\/v2\/posts\/26271\/revisions"}],"predecessor-version":[{"id":26273,"href":"https:\/\/encuentroinformativo.com.mx\/index.php?rest_route=\/wp\/v2\/posts\/26271\/revisions\/26273"}],"wp:featuredmedia":[{"embeddable":true,"href":"https:\/\/encuentroinformativo.com.mx\/index.php?rest_route=\/wp\/v2\/media\/26272"}],"wp:attachment":[{"href":"https:\/\/encuentroinformativo.com.mx\/index.php?rest_route=%2Fwp%2Fv2%2Fmedia&parent=26271"}],"wp:term":[{"taxonomy":"category","embeddable":true,"href":"https:\/\/encuentroinformativo.com.mx\/index.php?rest_route=%2Fwp%2Fv2%2Fcategories&post=26271"},{"taxonomy":"post_tag","embeddable":true,"href":"https:\/\/encuentroinformativo.com.mx\/index.php?rest_route=%2Fwp%2Fv2%2Ftags&post=26271"}],"curies":[{"name":"wp","href":"https:\/\/api.w.org\/{rel}","templated":true}]}}