{"id":26277,"date":"2022-04-22T09:27:55","date_gmt":"2022-04-22T14:27:55","guid":{"rendered":"https:\/\/encuentroinformativo.com.mx\/?p=26277"},"modified":"2022-04-22T09:27:59","modified_gmt":"2022-04-22T14:27:59","slug":"amarilla-para-sergio","status":"publish","type":"post","link":"https:\/\/encuentroinformativo.com.mx\/?p=26277","title":{"rendered":"\u00a1Amarilla para Sergio!"},"content":{"rendered":"\n<p><strong>Los Pol\u00edticos<\/strong><\/p>\n\n\n\n<p><strong>Salvador Mu\u00f1oz<\/strong><\/p>\n\n\n\n<p>Cuando lo vi, voltee al abanderado de lo \u201cPol\u00edticamente correcto\u201d y alz\u00f3 el bander\u00edn marcando lo que muchos consideraron un evidente \u201coffside\u201d&#8230; \u00a1fuera de lugar!<\/p>\n\n\n\n<p>Por supuesto, no tiene desperdicio esa acurrucada que el centro delantero le dio al bal\u00f3n en su muslo derecho, acomodarla con el izquierdo sin que tocara suelo, y con giro, mandar el bal\u00f3n \u00a1al fondo!<\/p>\n\n\n\n<p>No podemos hablar del mismo modo del centro que nace con un mal saque lateral y siendo justos, llevando la jugada al VAR, \u00e9sta desde el momento que sale de las manos del jugador, quedar\u00eda invalidada.<\/p>\n\n\n\n<p>Hablamos pues, de ese video que grabaron dos veracruzanos en el sal\u00f3n del Pleno de la C\u00e1mara de Diputados: Sergio Guti\u00e9rrez Luna y Luis \u201cEl Matador\u201d Hern\u00e1ndez.<\/p>\n\n\n\n<p>S\u00ed, como dice el diputado, y pongo textual:<\/p>\n\n\n\n<p>1.- \u201cHubo opiniones diversas: para quienes por agenda pol\u00edtica, por criticar s\u00f3lo por golpear y por llevar la contraria no les pareci\u00f3, se les respeta y env\u00eda saludos.<\/p>\n\n\n\n<p>2.- \u201cA quienes leg\u00edtimamente les pareci\u00f3 inapropiado, tambi\u00e9n se les reitera respeto y se les ofrece una disculpa.\u201d<\/p>\n\n\n\n<p>Me ubico entre los pamboleros del segundo p\u00e1rrafo\u2026 insisto: \u00a1fuera de lugar!<\/p>\n\n\n\n<p>Previo a estos dos puntos, igual expuso lo siguiente:<\/p>\n\n\n\n<p>\u201cLa C\u00e1mara de Diputados es la casa del pueblo. Debe estar abierta para tod@s, por eso, sin hacer da\u00f1o, sin que hubiera sesi\u00f3n y de manera controlada, grabamos un video para asociar el futbol que tanto gusta al pueblo con nuestra labor. Sin los protocolos de antes\u201d.<\/p>\n\n\n\n<p>Tratando de entender las razones de Sergio para hacer esa jugada con El Matador, le puedo responder con otra jugada de pizarr\u00f3n ante el gol que mete con su asociaci\u00f3n pol\u00edtico-deportiva:<\/p>\n\n\n\n<p>* En el futbol, las barras son bien intensas\u2026 en la C\u00e1mara de Diputado, las embarradas igual!<\/p>\n\n\n\n<p>* En el futbol meten mano\u2026 en la C\u00e1mara de Diputados meten la pata\u2026 y a veces tambi\u00e9n la mano\u2026<\/p>\n\n\n\n<p>* En el futbol hay penales\u2026 en la C\u00e1mara de Diputados, algunos deber\u00edan estar en penales\u2026<\/p>\n\n\n\n<p>* En el futbol, hay quienes destacan por asistencias\u2026 en San L\u00e1zaro hay quienes destacan por inasistencias\u2026<\/p>\n\n\n\n<p>* En nuestro futbol hay un Pachuca\u2026 en la C\u00e1mara de Diputados, muchos \u201cpachecos\u201d&#8230;<\/p>\n\n\n\n<p>* En nuestro futbol hay leones, pumas, gallos, perros, \u00e1guilas, chivas, tigres, zorros\u2026 en la C\u00e1mara de Diputados tambi\u00e9n hay animales\u2026 animales pol\u00edticos\u2026<\/p>\n\n\n\n<p>* En nuestro futbol hay Santos y Diablos\u2026 en la C\u00e1mara de Diputados tambi\u00e9n\u2026<\/p>\n\n\n\n<p>* En nuestro futbol hay \u201ccascaritas\u201d&#8230; en la C\u00e1mara de Diputados est\u00e1 Augusto G\u00f3mez Villanueva\u2026 y Rafael Hern\u00e1ndez Villalpando\u2026<\/p>\n\n\n\n<p>* Por supuesto, en nuestro futbol hay patadas, zancadillas, entradas con los tachones por delante, codazos, escupitajos\u2026 en la C\u00e1mara de Diputados tambi\u00e9n\u2026<\/p>\n\n\n\n<p>* En el futbol, la pelota no debe salir de la l\u00ednea\u2026 en San L\u00e1zaro, no hay que salirse de la l\u00ednea\u2026<\/p>\n\n\n\n<p>* En el futbol, hay quien domina el bal\u00f3n\u2026 en la C\u00e1mara de Diputados, el del Bal\u00f3n, es de Mina\u2026<\/p>\n\n\n\n<p>As\u00ed, al menos, es la forma en que entiendo ese s\u00edmil que hace Sergio Guti\u00e9rrez Luna del futbol con el quehacer legislativo\u2026 aunque si recordamos otro video donde intenta dominar un bal\u00f3n, el de Mina nada tiene que hacer en una cancha deportiva\u2026 lo suyo lo suyo, es claro, est\u00e1 en el Congreso, pero no por eso le perdonamos la amarilla!<\/p>\n\n\n\n<p><a href=\"mailto:smcainito@gmail.com\" target=\"_blank\" rel=\"noreferrer noopener\">smcainito@gmail.com<\/a><\/p>\n","protected":false},"excerpt":{"rendered":"<p>Los Pol\u00edticos Salvador Mu\u00f1oz Cuando lo vi, voltee al abanderado de lo \u201cPol\u00edticamente correcto\u201d y alz\u00f3 el bander\u00edn marcando lo que muchos consideraron un evidente \u201coffside\u201d&#8230; \u00a1fuera de lugar! Por supuesto, no tiene desperdicio esa acurrucada que el centro delantero le dio al bal\u00f3n en su muslo derecho, acomodarla con el izquierdo sin que tocara [&hellip;]<\/p>\n","protected":false},"author":1,"featured_media":387,"comment_status":"open","ping_status":"open","sticky":false,"template":"","format":"standard","meta":{"_jetpack_memberships_contains_paid_content":false,"footnotes":""},"categories":[11],"tags":[],"class_list":["post-26277","post","type-post","status-publish","format-standard","has-post-thumbnail","hentry","category-opinion"],"jetpack_featured_media_url":"https:\/\/encuentroinformativo.com.mx\/wp-content\/uploads\/2020\/03\/7CF8A22B-2764-47BE-8F7F-38FE9E5D6A2F.jpeg","jetpack_sharing_enabled":true,"jetpack_likes_enabled":true,"amp_enabled":true,"_links":{"self":[{"href":"https:\/\/encuentroinformativo.com.mx\/index.php?rest_route=\/wp\/v2\/posts\/26277","targetHints":{"allow":["GET"]}}],"collection":[{"href":"https:\/\/encuentroinformativo.com.mx\/index.php?rest_route=\/wp\/v2\/posts"}],"about":[{"href":"https:\/\/encuentroinformativo.com.mx\/index.php?rest_route=\/wp\/v2\/types\/post"}],"author":[{"embeddable":true,"href":"https:\/\/encuentroinformativo.com.mx\/index.php?rest_route=\/wp\/v2\/users\/1"}],"replies":[{"embeddable":true,"href":"https:\/\/encuentroinformativo.com.mx\/index.php?rest_route=%2Fwp%2Fv2%2Fcomments&post=26277"}],"version-history":[{"count":1,"href":"https:\/\/encuentroinformativo.com.mx\/index.php?rest_route=\/wp\/v2\/posts\/26277\/revisions"}],"predecessor-version":[{"id":26278,"href":"https:\/\/encuentroinformativo.com.mx\/index.php?rest_route=\/wp\/v2\/posts\/26277\/revisions\/26278"}],"wp:featuredmedia":[{"embeddable":true,"href":"https:\/\/encuentroinformativo.com.mx\/index.php?rest_route=\/wp\/v2\/media\/387"}],"wp:attachment":[{"href":"https:\/\/encuentroinformativo.com.mx\/index.php?rest_route=%2Fwp%2Fv2%2Fmedia&parent=26277"}],"wp:term":[{"taxonomy":"category","embeddable":true,"href":"https:\/\/encuentroinformativo.com.mx\/index.php?rest_route=%2Fwp%2Fv2%2Fcategories&post=26277"},{"taxonomy":"post_tag","embeddable":true,"href":"https:\/\/encuentroinformativo.com.mx\/index.php?rest_route=%2Fwp%2Fv2%2Ftags&post=26277"}],"curies":[{"name":"wp","href":"https:\/\/api.w.org\/{rel}","templated":true}]}}