{"id":26282,"date":"2022-04-22T11:47:01","date_gmt":"2022-04-22T16:47:01","guid":{"rendered":"https:\/\/encuentroinformativo.com.mx\/?p=26282"},"modified":"2022-04-22T11:47:05","modified_gmt":"2022-04-22T16:47:05","slug":"confirma-ssp-un-detenido-por-homicidio-de-juana-ovando","status":"publish","type":"post","link":"https:\/\/encuentroinformativo.com.mx\/?p=26282","title":{"rendered":"Confirma SSP, un detenido por homicidio de Juana Ovando"},"content":{"rendered":"\n<p><strong>Dar\u00edo Pale <\/strong><\/p>\n\n\n\n<p>Xalapa, Ver.- Por el crimen de la joven activista y defensora de los derechos de las mujeres, Juana Ovando de los Santos, asesinada el pasado 20 de abril en esta capital, ya hay un detenido por dicho crimen, as\u00ed lo inform\u00f3 el secretario de Seguridad P\u00fablica del Estado, Hugo Guti\u00e9rrez Maldonado.<\/p>\n\n\n\n<p>En entrevista opin\u00f3 que evitar este tipo de hechos es un trabajo de toda la sociedad, de los tres \u00f3rdenes de gobierno, adem\u00e1s de que afortunadamente hay un detenido por crimen de activista Juana Ovando.<\/p>\n\n\n\n<p>Dio a conocer que los hechos ocurrieron dentro de la vivienda de la joven originaria del municipio de Agua Dulce, por lo que llam\u00f3 a la sociedad, a los vecinos, que cuando vean alg\u00fan s\u00edntoma de alerta lo reporten al 911.<\/p>\n\n\n\n<p>&#8220;Aqu\u00ed aunque hay un detenido, desgraciadamente nunca se va a poder regresar la vida de la persona, pero ya hay un detenido, era cercano a la v\u00edctima&#8221;, confirm\u00f3 y no descart\u00f3 que se tratara de alguna discusi\u00f3n por alguna vieja rencilla, pero que deriv\u00f3 en el crimen de la joven veracruzana.<\/p>\n\n\n\n<p>Hay que referir que se dio a conocer que al parecer el feminicidio lo habr\u00eda cometido un profesor que viv\u00eda en el mismo domicilio de la joven, pero en la planta de arriba, aunque el funcionario no dio a conocer m\u00e1s datos.<\/p>\n\n\n\n<p>En otro orden de ideas, destac\u00f3 los datos dados a conocer la ma\u00f1ana de este viernes durante la conferencia ma\u00f1anera y que van a la baja.<\/p>\n\n\n\n<p>Reconoci\u00f3 que hay un incremento en el asalto en carreteras tal como lo se\u00f1al\u00f3 el secretario de Marina, Jos\u00e9 Rafael Ojeda Dur\u00e1n, por lo que adelant\u00f3 que habr\u00e1 una mayor coordinaci\u00f3n con la Guardia Nacional y la SEDENA.<\/p>\n\n\n\n<p>&#8220;Aunque subi\u00f3 un poco lo que es el robo a transporte, no fue mucho, la idea es que, el compromiso con Guardia Nacional, es que pueda bajar ese delito&#8221;, se\u00f1al\u00f3.<\/p>\n\n\n\n<p>Guti\u00e9rrez Maldonado resalt\u00f3 que la zona sur de Veracruz est\u00e1 &#8220;controlada&#8221; a comparaci\u00f3n de cuando inici\u00f3 la presente administraci\u00f3n.<\/p>\n\n\n\n<p>En relaci\u00f3n al tercer lugar nacional que ocupa el Estado por el n\u00famero de secuestros, presumi\u00f3 que desde que tom\u00f3 el cargo en la Fiscal\u00eda General del Estado, Ver\u00f3nica Hern\u00e1ndez Giad\u00e1ns, el \u00edndice ha venido a la baja.<\/p>\n\n\n\n<p>Refiri\u00f3 que en la gesti\u00f3n de Jorge Winckler, se llegaban a presentar entre 45 y 48 secuestros, mientras que ahora se presentan dos, tres o cinco.<\/p>\n\n\n\n<p>Finalmente en ese tema coment\u00f3 \u201cvamos a la baja, desgraciadamente se toman esos n\u00famero desde el 2018 a la fecha, pero si t\u00fa checas este a\u00f1o te vas a dar cuenta que el secuestro ha reducido m\u00e1s del 59 por ciento&#8221;.<\/p>\n","protected":false},"excerpt":{"rendered":"<p>Dar\u00edo Pale Xalapa, Ver.- Por el crimen de la joven activista y defensora de los derechos de las mujeres, Juana Ovando de los Santos, asesinada el pasado 20 de abril en esta capital, ya hay un detenido por dicho crimen, as\u00ed lo inform\u00f3 el secretario de Seguridad P\u00fablica del Estado, Hugo Guti\u00e9rrez Maldonado. En entrevista [&hellip;]<\/p>\n","protected":false},"author":1,"featured_media":26283,"comment_status":"open","ping_status":"open","sticky":false,"template":"","format":"standard","meta":{"_jetpack_memberships_contains_paid_content":false,"footnotes":""},"categories":[3],"tags":[],"class_list":["post-26282","post","type-post","status-publish","format-standard","has-post-thumbnail","hentry","category-xalapa"],"jetpack_featured_media_url":"https:\/\/encuentroinformativo.com.mx\/wp-content\/uploads\/2022\/04\/B9F6EB98-8B93-4EAC-B7C1-8150BEA8E651.jpeg","jetpack_sharing_enabled":true,"jetpack_likes_enabled":true,"amp_enabled":true,"_links":{"self":[{"href":"https:\/\/encuentroinformativo.com.mx\/index.php?rest_route=\/wp\/v2\/posts\/26282","targetHints":{"allow":["GET"]}}],"collection":[{"href":"https:\/\/encuentroinformativo.com.mx\/index.php?rest_route=\/wp\/v2\/posts"}],"about":[{"href":"https:\/\/encuentroinformativo.com.mx\/index.php?rest_route=\/wp\/v2\/types\/post"}],"author":[{"embeddable":true,"href":"https:\/\/encuentroinformativo.com.mx\/index.php?rest_route=\/wp\/v2\/users\/1"}],"replies":[{"embeddable":true,"href":"https:\/\/encuentroinformativo.com.mx\/index.php?rest_route=%2Fwp%2Fv2%2Fcomments&post=26282"}],"version-history":[{"count":1,"href":"https:\/\/encuentroinformativo.com.mx\/index.php?rest_route=\/wp\/v2\/posts\/26282\/revisions"}],"predecessor-version":[{"id":26284,"href":"https:\/\/encuentroinformativo.com.mx\/index.php?rest_route=\/wp\/v2\/posts\/26282\/revisions\/26284"}],"wp:featuredmedia":[{"embeddable":true,"href":"https:\/\/encuentroinformativo.com.mx\/index.php?rest_route=\/wp\/v2\/media\/26283"}],"wp:attachment":[{"href":"https:\/\/encuentroinformativo.com.mx\/index.php?rest_route=%2Fwp%2Fv2%2Fmedia&parent=26282"}],"wp:term":[{"taxonomy":"category","embeddable":true,"href":"https:\/\/encuentroinformativo.com.mx\/index.php?rest_route=%2Fwp%2Fv2%2Fcategories&post=26282"},{"taxonomy":"post_tag","embeddable":true,"href":"https:\/\/encuentroinformativo.com.mx\/index.php?rest_route=%2Fwp%2Fv2%2Ftags&post=26282"}],"curies":[{"name":"wp","href":"https:\/\/api.w.org\/{rel}","templated":true}]}}