{"id":26295,"date":"2022-04-22T13:06:06","date_gmt":"2022-04-22T18:06:06","guid":{"rendered":"https:\/\/encuentroinformativo.com.mx\/?p=26295"},"modified":"2022-04-22T13:06:09","modified_gmt":"2022-04-22T18:06:09","slug":"seguridad-publica-sin-capacidad-para-operar-gruas-reconoce-secretario","status":"publish","type":"post","link":"https:\/\/encuentroinformativo.com.mx\/?p=26295","title":{"rendered":"Seguridad P\u00fablica sin capacidad para operar gr\u00faas, reconoce secretario"},"content":{"rendered":"\n<p><strong>Dar\u00edo Pale<\/strong><\/p>\n\n\n\n<p>Xalapa, Ver.- El titular de la Secretar\u00eda de Seguridad P\u00fablica del estado (SSP), Hugo Guti\u00e9rrez Maldonado, dio a conocer que el Gobierno del Estado no podr\u00eda operar por su propio servicio de gr\u00faas en Veracruz, ya que no cuenta con presupuesto para adquirir dichos veh\u00edculos, por lo que seguir\u00e1 a cargo de empresas privadas.<\/p>\n\n\n\n<p>En entrevista dio a conocer que, sobre las quejas que han realizado algunos automovilistas en contra de la operaci\u00f3n de las gr\u00faas de diferentes empresas, reconoci\u00f3 los altos costos por el arrastre y pago de estancia en los corralones e incluso la p\u00e9rdida de veh\u00edculos que han provocado las empresas de gr\u00faas en esta entidad.<\/p>\n\n\n\n<p>&#8220;Estar\u00eda muy bien, pero todo eso depende, se necesita presupuesto y desgraciadamente, anteriores gobiernos nos dejaron bien endeudados, ahorita es dif\u00edcil, eso ser\u00eda lo mejor y tener nuestros propios corralones&#8221;, se\u00f1al\u00f3.<\/p>\n\n\n\n<p>&#8220;Porque es muy injusto que de repente a una persona le roben un veh\u00edculo, que el carro lleve desaparecido un mes y al mes nosotros lo recuperamos y a la persona nunca se le avis\u00f3 y el d\u00eda que vaya al corral\u00f3n le van a cobrar los diez u ocho meses que estuvo ah\u00ed despu\u00e9s de que hab\u00eda sido robado&#8221;, agreg\u00f3.<\/p>\n\n\n\n<p>Guti\u00e9rrez Maldonado advirti\u00f3 que las empresas que incurran en faltas al reglamento adecuado recientemente en la entidad mediante el cual se regula el servicio que prestan a Tr\u00e1nsito del Estado, perder\u00edan su concesi\u00f3n.<\/p>\n\n\n\n<p>&#8220;Lo de las gr\u00faas ha sido un tema muy repetitivo. Nosotros por eso ya hicimos el reglamento, donde te indica cu\u00e1nto se debe cobrar por cada kil\u00f3metro, por el abanderamiento por el que est\u00e9 bel veh\u00edculo en el corral\u00f3n por una pensi\u00f3n, todo eso ya est\u00e1 reglamentado. Quien no est\u00e9 cumpliendo, hay que pasar a Asuntos Internos, reclamar y si es necesario les vamos a retirar la concesi\u00f3n&#8221;, inform\u00f3.<\/p>\n\n\n\n<p>Por \u00faltimo cabe mencionar que en Xalapa es donde m\u00e1s abundan las concesiones de gr\u00faas as\u00ed como las quejas por abusos en dicho servicio.<\/p>\n","protected":false},"excerpt":{"rendered":"<p>Dar\u00edo Pale Xalapa, Ver.- El titular de la Secretar\u00eda de Seguridad P\u00fablica del estado (SSP), Hugo Guti\u00e9rrez Maldonado, dio a conocer que el Gobierno del Estado no podr\u00eda operar por su propio servicio de gr\u00faas en Veracruz, ya que no cuenta con presupuesto para adquirir dichos veh\u00edculos, por lo que seguir\u00e1 a cargo de empresas [&hellip;]<\/p>\n","protected":false},"author":1,"featured_media":26296,"comment_status":"open","ping_status":"open","sticky":false,"template":"","format":"standard","meta":{"_jetpack_memberships_contains_paid_content":false,"footnotes":""},"categories":[2],"tags":[],"class_list":["post-26295","post","type-post","status-publish","format-standard","has-post-thumbnail","hentry","category-estado"],"jetpack_featured_media_url":"https:\/\/encuentroinformativo.com.mx\/wp-content\/uploads\/2022\/04\/FA711318-951A-4F6A-A7F7-62E595AE4E51.jpeg","jetpack_sharing_enabled":true,"jetpack_likes_enabled":true,"amp_enabled":true,"_links":{"self":[{"href":"https:\/\/encuentroinformativo.com.mx\/index.php?rest_route=\/wp\/v2\/posts\/26295","targetHints":{"allow":["GET"]}}],"collection":[{"href":"https:\/\/encuentroinformativo.com.mx\/index.php?rest_route=\/wp\/v2\/posts"}],"about":[{"href":"https:\/\/encuentroinformativo.com.mx\/index.php?rest_route=\/wp\/v2\/types\/post"}],"author":[{"embeddable":true,"href":"https:\/\/encuentroinformativo.com.mx\/index.php?rest_route=\/wp\/v2\/users\/1"}],"replies":[{"embeddable":true,"href":"https:\/\/encuentroinformativo.com.mx\/index.php?rest_route=%2Fwp%2Fv2%2Fcomments&post=26295"}],"version-history":[{"count":1,"href":"https:\/\/encuentroinformativo.com.mx\/index.php?rest_route=\/wp\/v2\/posts\/26295\/revisions"}],"predecessor-version":[{"id":26297,"href":"https:\/\/encuentroinformativo.com.mx\/index.php?rest_route=\/wp\/v2\/posts\/26295\/revisions\/26297"}],"wp:featuredmedia":[{"embeddable":true,"href":"https:\/\/encuentroinformativo.com.mx\/index.php?rest_route=\/wp\/v2\/media\/26296"}],"wp:attachment":[{"href":"https:\/\/encuentroinformativo.com.mx\/index.php?rest_route=%2Fwp%2Fv2%2Fmedia&parent=26295"}],"wp:term":[{"taxonomy":"category","embeddable":true,"href":"https:\/\/encuentroinformativo.com.mx\/index.php?rest_route=%2Fwp%2Fv2%2Fcategories&post=26295"},{"taxonomy":"post_tag","embeddable":true,"href":"https:\/\/encuentroinformativo.com.mx\/index.php?rest_route=%2Fwp%2Fv2%2Ftags&post=26295"}],"curies":[{"name":"wp","href":"https:\/\/api.w.org\/{rel}","templated":true}]}}