{"id":2630,"date":"2020-05-18T13:02:44","date_gmt":"2020-05-18T18:02:44","guid":{"rendered":"https:\/\/encuentroinformativo.com\/?p=2630"},"modified":"2020-05-18T13:02:47","modified_gmt":"2020-05-18T18:02:47","slug":"docentes-reclaman-asignacion-de-plazas","status":"publish","type":"post","link":"https:\/\/encuentroinformativo.com.mx\/?p=2630","title":{"rendered":"Docentes reclaman asignaci\u00f3n de plazas"},"content":{"rendered":"\n<p><strong>Juan Arcos <\/strong><\/p>\n\n\n\n<p>Xalapa, Ver.- Un grupo de maestros protest\u00f3 frente a Palacio de Gobierno para exigir la asignaci\u00f3n de plazas docentes en los distintos niveles educativos.<\/p>\n\n\n\n<p>Se trata de docentes que buscan una plaza para el nivel de telesecundaria, primaria y educaci\u00f3n especial.<\/p>\n\n\n\n<p>De acuerdo con Mar\u00eda Cristina Barradas Gal\u00e1n, una de los manifestantes, los profesores no han sido ni siquiera llamados por la Secretar\u00eda de Educaci\u00f3n de Veracruz (SEV), pese a haber acreditado la evaluaci\u00f3n docente.<\/p>\n\n\n\n<p>La entrevistada mencion\u00f3 que derivado de la pandemia del COVID-19, las actividades en la SEV se encuentran detenidas y la fecha l\u00edmite para la asignaci\u00f3n de las plazas docentes es el pr\u00f3ximo 31 de mayo.<\/p>\n\n\n\n<p>\u201cEn la SEV no hemos tenido ning\u00fan llamado, no tenemos ninguna respuesta, marcamos y en Recursos Humanos s\u00f3lo nos aparecen los tel\u00e9fonos descolgados, sabemos que por la contingencia no pueden estar, pero pedimos una respuesta de qu\u00e9 va a pasar con nosotros\u201d.<\/p>\n\n\n\n<p>Adem\u00e1s, mencion\u00f3 que en marzo pasado se les notific\u00f3 que en abril se llevar\u00edan a cabo los procesos de jubilaci\u00f3n y, posteriormente, la entrega de bases a los maestros que aprobaron el examen.<\/p>\n\n\n\n<p>\u201cQueremos que la pr\u00f3rroga se extienda porque la vigencia es el 31 de mayo, debido a la contingencia sabemos que esto se tiene que extender, pero no contamos con respuesta, s\u00f3lo tenemos interinatos temporales, nos aseguraron que 27 de los 40 iban a ser asignados con plazas, pero ni en Recursos Humanos, ni en ninguna otra \u00e1rea de la SEV nos dan resultados\u201d, a\u00f1adi\u00f3.<\/p>\n\n\n\n<p>Barradas Gal\u00e1n refiri\u00f3 que tambi\u00e9n en otros estados de la Rep\u00fablica han protestado profesores para exigir su plaza, por ejemplo, en Estado de M\u00e9xico, Quer\u00e9taro, Sonora, Sinaloa y Yucat\u00e1n.<\/p>\n\n\n\n<p><\/p>\n","protected":false},"excerpt":{"rendered":"<p>Juan Arcos Xalapa, Ver.- Un grupo de maestros protest\u00f3 frente a Palacio de Gobierno para exigir la asignaci\u00f3n de plazas docentes en los distintos niveles educativos. Se trata de docentes que buscan una plaza para el nivel de telesecundaria, primaria y educaci\u00f3n especial. De acuerdo con Mar\u00eda Cristina Barradas Gal\u00e1n, una de los manifestantes, los [&hellip;]<\/p>\n","protected":false},"author":1,"featured_media":2631,"comment_status":"open","ping_status":"open","sticky":false,"template":"","format":"standard","meta":{"_jetpack_memberships_contains_paid_content":false,"footnotes":""},"categories":[3],"tags":[],"class_list":["post-2630","post","type-post","status-publish","format-standard","has-post-thumbnail","hentry","category-xalapa"],"jetpack_featured_media_url":"https:\/\/encuentroinformativo.com.mx\/wp-content\/uploads\/2020\/05\/2C75AA14-6DFA-40F1-BE89-F23A4F40E15D.jpeg","jetpack_sharing_enabled":true,"jetpack_likes_enabled":true,"amp_enabled":true,"_links":{"self":[{"href":"https:\/\/encuentroinformativo.com.mx\/index.php?rest_route=\/wp\/v2\/posts\/2630","targetHints":{"allow":["GET"]}}],"collection":[{"href":"https:\/\/encuentroinformativo.com.mx\/index.php?rest_route=\/wp\/v2\/posts"}],"about":[{"href":"https:\/\/encuentroinformativo.com.mx\/index.php?rest_route=\/wp\/v2\/types\/post"}],"author":[{"embeddable":true,"href":"https:\/\/encuentroinformativo.com.mx\/index.php?rest_route=\/wp\/v2\/users\/1"}],"replies":[{"embeddable":true,"href":"https:\/\/encuentroinformativo.com.mx\/index.php?rest_route=%2Fwp%2Fv2%2Fcomments&post=2630"}],"version-history":[{"count":1,"href":"https:\/\/encuentroinformativo.com.mx\/index.php?rest_route=\/wp\/v2\/posts\/2630\/revisions"}],"predecessor-version":[{"id":2632,"href":"https:\/\/encuentroinformativo.com.mx\/index.php?rest_route=\/wp\/v2\/posts\/2630\/revisions\/2632"}],"wp:featuredmedia":[{"embeddable":true,"href":"https:\/\/encuentroinformativo.com.mx\/index.php?rest_route=\/wp\/v2\/media\/2631"}],"wp:attachment":[{"href":"https:\/\/encuentroinformativo.com.mx\/index.php?rest_route=%2Fwp%2Fv2%2Fmedia&parent=2630"}],"wp:term":[{"taxonomy":"category","embeddable":true,"href":"https:\/\/encuentroinformativo.com.mx\/index.php?rest_route=%2Fwp%2Fv2%2Fcategories&post=2630"},{"taxonomy":"post_tag","embeddable":true,"href":"https:\/\/encuentroinformativo.com.mx\/index.php?rest_route=%2Fwp%2Fv2%2Ftags&post=2630"}],"curies":[{"name":"wp","href":"https:\/\/api.w.org\/{rel}","templated":true}]}}