{"id":26313,"date":"2022-04-22T14:28:13","date_gmt":"2022-04-22T19:28:13","guid":{"rendered":"https:\/\/encuentroinformativo.com.mx\/?p=26313"},"modified":"2022-04-22T14:28:16","modified_gmt":"2022-04-22T19:28:16","slug":"en-la-camara-de-diputados-se-doblaba-la-oposicion-damian-zepeda","status":"publish","type":"post","link":"https:\/\/encuentroinformativo.com.mx\/?p=26313","title":{"rendered":"En la C\u00e1mara de Diputados &#8220;se doblaba&#8221; la oposici\u00f3n: Dami\u00e1n Zepeda"},"content":{"rendered":"\n<p><strong>Alejandro \u00c1vila<\/strong><\/p>\n\n\n\n<p>Veracruz, Ver.- En ocasiones anteriores, la oposici\u00f3n se &#8220;doblaba&#8221; en la C\u00e1mara de Diputados, y era el Senado de la Rep\u00fablica qui\u00e9nes correg\u00eda la plana, asegur\u00f3 el panista Dami\u00e1n Zepeda Vidales.<\/p>\n\n\n\n<p>El sonorense celebr\u00f3 que hayan impedido se aprobara la Reforma Energ\u00e9tica; sin embargo, apunt\u00f3 que, este es el segundo bloque opositor que existe en el pa\u00eds, pues el creado por ellos en el Senado fue el primero.<\/p>\n\n\n\n<p>&#8220;Hoy es muy visible que en la C\u00e1mara de Diputados la oposici\u00f3n se junt\u00f3 y detuvo est\u00e1 da\u00f1ina Reforma El\u00e9ctrica, qu\u00e9 bueno que fue as\u00ed, pero yo quiero que sepan que este es el nacimiento de un segundo bloque de contenci\u00f3n, porque hay un bloque de contenci\u00f3n que existe desde el inicio de la legislatura en el Senado de la Rep\u00fablica, Morena no tiene dos terceras partes, nunca lo ha tenido para acabar pronto, lo que pasa es que en la C\u00e1mara de Diputados se &#8216;doblaba&#8217; la oposici\u00f3n, esa era la verdad, no ten\u00edan dos terceras partes pero se doblaban una parte de la oposici\u00f3n, y en el Senado les hab\u00edamos estado corrigiendo plana&#8221;, asest\u00f3.<\/p>\n\n\n\n<p>Expuso que un ejemplo claro fue la aprobaci\u00f3n de la Guardia Nacional Militar, d\u00f3nde la oposici\u00f3n en la C\u00e1mara de Diputados fue parte de las dos terceras partes de mayor\u00eda que se necesitaron; posteriormente, tuvo que ser el Senado de la Rep\u00fablica qui\u00e9n contuviera la iniciativa y la transformara en Guardia Nacional Civil.<\/p>\n\n\n\n<p>&#8220;Fue el Senado de la Rep\u00fablica los que nos pusimos duros y dijimos, &#8216;no, va a ser civil&#8217;. Qu\u00e9 despu\u00e9s enga\u00f1aron a los mexicanos y la hicieron militar, eso va contra la ley, pero en la reforma, la corregimos. Revocaci\u00f3n de Mandato, tan pol\u00e9mica c\u00f3mo qued\u00f3, pero hab\u00eda quedado peor en la C\u00e1mara de Diputados, y la corregimos en el Senado, en el Senado existe un bloque de contenci\u00f3n, qu\u00e9 bueno que hoy nazca una segunda red de protecci\u00f3n para el pa\u00eds&#8221;, culmin\u00f3.<\/p>\n","protected":false},"excerpt":{"rendered":"<p>Alejandro \u00c1vila Veracruz, Ver.- En ocasiones anteriores, la oposici\u00f3n se &#8220;doblaba&#8221; en la C\u00e1mara de Diputados, y era el Senado de la Rep\u00fablica qui\u00e9nes correg\u00eda la plana, asegur\u00f3 el panista Dami\u00e1n Zepeda Vidales. El sonorense celebr\u00f3 que hayan impedido se aprobara la Reforma Energ\u00e9tica; sin embargo, apunt\u00f3 que, este es el segundo bloque opositor que [&hellip;]<\/p>\n","protected":false},"author":1,"featured_media":26314,"comment_status":"open","ping_status":"open","sticky":false,"template":"","format":"standard","meta":{"_jetpack_memberships_contains_paid_content":false,"footnotes":""},"categories":[2],"tags":[],"class_list":["post-26313","post","type-post","status-publish","format-standard","has-post-thumbnail","hentry","category-estado"],"jetpack_featured_media_url":"https:\/\/encuentroinformativo.com.mx\/wp-content\/uploads\/2022\/04\/C5F4508B-CACA-4DA3-936D-7F73716F8960.jpeg","jetpack_sharing_enabled":true,"jetpack_likes_enabled":true,"amp_enabled":true,"_links":{"self":[{"href":"https:\/\/encuentroinformativo.com.mx\/index.php?rest_route=\/wp\/v2\/posts\/26313","targetHints":{"allow":["GET"]}}],"collection":[{"href":"https:\/\/encuentroinformativo.com.mx\/index.php?rest_route=\/wp\/v2\/posts"}],"about":[{"href":"https:\/\/encuentroinformativo.com.mx\/index.php?rest_route=\/wp\/v2\/types\/post"}],"author":[{"embeddable":true,"href":"https:\/\/encuentroinformativo.com.mx\/index.php?rest_route=\/wp\/v2\/users\/1"}],"replies":[{"embeddable":true,"href":"https:\/\/encuentroinformativo.com.mx\/index.php?rest_route=%2Fwp%2Fv2%2Fcomments&post=26313"}],"version-history":[{"count":1,"href":"https:\/\/encuentroinformativo.com.mx\/index.php?rest_route=\/wp\/v2\/posts\/26313\/revisions"}],"predecessor-version":[{"id":26315,"href":"https:\/\/encuentroinformativo.com.mx\/index.php?rest_route=\/wp\/v2\/posts\/26313\/revisions\/26315"}],"wp:featuredmedia":[{"embeddable":true,"href":"https:\/\/encuentroinformativo.com.mx\/index.php?rest_route=\/wp\/v2\/media\/26314"}],"wp:attachment":[{"href":"https:\/\/encuentroinformativo.com.mx\/index.php?rest_route=%2Fwp%2Fv2%2Fmedia&parent=26313"}],"wp:term":[{"taxonomy":"category","embeddable":true,"href":"https:\/\/encuentroinformativo.com.mx\/index.php?rest_route=%2Fwp%2Fv2%2Fcategories&post=26313"},{"taxonomy":"post_tag","embeddable":true,"href":"https:\/\/encuentroinformativo.com.mx\/index.php?rest_route=%2Fwp%2Fv2%2Ftags&post=26313"}],"curies":[{"name":"wp","href":"https:\/\/api.w.org\/{rel}","templated":true}]}}