{"id":26323,"date":"2022-04-22T15:13:14","date_gmt":"2022-04-22T20:13:14","guid":{"rendered":"https:\/\/encuentroinformativo.com.mx\/?p=26323"},"modified":"2022-04-22T15:13:17","modified_gmt":"2022-04-22T20:13:17","slug":"trabajadores-podran-expresarse-durante-desfile-vive","status":"publish","type":"post","link":"https:\/\/encuentroinformativo.com.mx\/?p=26323","title":{"rendered":"Trabajadores podr\u00e1n expresarse durante desfile: VIVE"},"content":{"rendered":"\n<p><strong>Dar\u00edo Pale <\/strong><\/p>\n\n\n\n<p>Xalapa, Ver.- En el desfile del primero de mayo D\u00eda del Trabajo participar\u00e1n aproximadamente 32 mil trabajadores de diferentes sindicatos el cual tendr\u00e1 una duraci\u00f3n de cuatro horas y media aproximadamente donde la principal solicitud que le har\u00e1n al gobernador Cuitl\u00e1huac Garc\u00eda Jim\u00e9nez ser\u00e1 la creaci\u00f3n de empleos.<\/p>\n\n\n\n<p>En entrevista Pablo Jim\u00e9nez Ayala presidente de la organizaci\u00f3n Vendedores Independientes del Estado de Veracruz (VIVE) AC., se\u00f1al\u00f3 que despu\u00e9s de dos a\u00f1os de que no se realizar\u00e1 el desfile en esta ocasi\u00f3n los contingentes que van a participar, ser\u00e1 porque as\u00ed lo acordaron las diferentes organizaciones.<\/p>\n\n\n\n<p>&#8220;Queremos aclarar que este desfile la organizamos los grupos no los gobiernos, porque? Por qu\u00e9 es precisamente un evento del pueblo, hemos tenido reuniones con el gobierno del estado para solicitar que si los pueden apoyar en la log\u00edstica&#8221;, coment\u00f3.<\/p>\n\n\n\n<p>Se\u00f1al\u00f3 que el d\u00eda de ayer sostuvieron una reuni\u00f3n con el subsecretario donde les confirmaron que a parte de lo que han solicitado van a integrar diferentes arcos sanitizantes en diferentes partes que confluyen al centro de Xalapa, para que todos los que asist\u00edan est\u00e9n desinfectados y evitar contagios.<\/p>\n\n\n\n<p>Acordaron que todos los contingentes que de preferencia participen con el cubrebocas guardar la sana distancia, y decidieron reducir el n\u00famero de contingentes ya que en algunas ocasiones participan cerca de 70 trabajadores por lo que en esta ocasi\u00f3n ser\u00e1n cerca de 32 mil participantes y durar\u00e1 aproximadamente cuatro horas y media el desfile.<\/p>\n\n\n\n<p>El protocolo que est\u00e1 contemplado hasta el momento es aproximadamente entre las 08:00 y las 08:30 horas se realice la salutaci\u00f3n al gobernador y de ah\u00ed bajen a dar inicio el desfile que ser\u00eda aproximadamente entre las 09:00 y las 09:30 hora y concluir\u00e1 aproximadamente a las 13:30 horas.<\/p>\n\n\n\n<p>Inform\u00f3 que a ning\u00fan sindicato se le limitar\u00e1 en su participaci\u00f3n ni en su libertad de expresi\u00f3n, por lo que podr\u00e1n decir lo que gusten y manden ya que cada quien trae sus demandas, estar\u00e1n presente los sindicatos como el de la CROC, CTM, FAOC, grupos independientes, la secci\u00f3n 32 y la 56 del SNTE entre otros.<\/p>\n\n\n\n<p>Dentro de las principales demandas que presentar\u00e1n al gobernador del estado Cuitl\u00e1huac Garc\u00eda Jim\u00e9nez ser\u00eda el problema de las basificaciones, prestaciones que han restringido, empleos, contratos colectivos, pero lo fundamental es que se abran las fuentes de empleo.<\/p>\n\n\n\n<p>Finalmente se\u00f1al\u00f3 que M\u00e9xico, Veracruz y Xalapa est\u00e1n pasando por una crisis muy fuerte en lo que se refiere a la econom\u00eda, por lo que estar\u00e1n solicitando son fuentes de empleo, adem\u00e1s de la inseguridad que hay en el estado y en la capital ya que los salarios no alcanzan por lo que solicitar\u00e1n que se le ponga un alto a los incrementos del gas y la gasolina.\u00a0<\/p>\n","protected":false},"excerpt":{"rendered":"<p>Dar\u00edo Pale Xalapa, Ver.- En el desfile del primero de mayo D\u00eda del Trabajo participar\u00e1n aproximadamente 32 mil trabajadores de diferentes sindicatos el cual tendr\u00e1 una duraci\u00f3n de cuatro horas y media aproximadamente donde la principal solicitud que le har\u00e1n al gobernador Cuitl\u00e1huac Garc\u00eda Jim\u00e9nez ser\u00e1 la creaci\u00f3n de empleos. En entrevista Pablo Jim\u00e9nez Ayala [&hellip;]<\/p>\n","protected":false},"author":1,"featured_media":26324,"comment_status":"open","ping_status":"open","sticky":false,"template":"","format":"standard","meta":{"_jetpack_memberships_contains_paid_content":false,"footnotes":""},"categories":[3],"tags":[],"class_list":["post-26323","post","type-post","status-publish","format-standard","has-post-thumbnail","hentry","category-xalapa"],"jetpack_featured_media_url":"https:\/\/encuentroinformativo.com.mx\/wp-content\/uploads\/2022\/04\/A236B62F-1F90-4C85-8C1C-5AF288C2FC28.jpeg","jetpack_sharing_enabled":true,"jetpack_likes_enabled":true,"amp_enabled":true,"_links":{"self":[{"href":"https:\/\/encuentroinformativo.com.mx\/index.php?rest_route=\/wp\/v2\/posts\/26323","targetHints":{"allow":["GET"]}}],"collection":[{"href":"https:\/\/encuentroinformativo.com.mx\/index.php?rest_route=\/wp\/v2\/posts"}],"about":[{"href":"https:\/\/encuentroinformativo.com.mx\/index.php?rest_route=\/wp\/v2\/types\/post"}],"author":[{"embeddable":true,"href":"https:\/\/encuentroinformativo.com.mx\/index.php?rest_route=\/wp\/v2\/users\/1"}],"replies":[{"embeddable":true,"href":"https:\/\/encuentroinformativo.com.mx\/index.php?rest_route=%2Fwp%2Fv2%2Fcomments&post=26323"}],"version-history":[{"count":1,"href":"https:\/\/encuentroinformativo.com.mx\/index.php?rest_route=\/wp\/v2\/posts\/26323\/revisions"}],"predecessor-version":[{"id":26325,"href":"https:\/\/encuentroinformativo.com.mx\/index.php?rest_route=\/wp\/v2\/posts\/26323\/revisions\/26325"}],"wp:featuredmedia":[{"embeddable":true,"href":"https:\/\/encuentroinformativo.com.mx\/index.php?rest_route=\/wp\/v2\/media\/26324"}],"wp:attachment":[{"href":"https:\/\/encuentroinformativo.com.mx\/index.php?rest_route=%2Fwp%2Fv2%2Fmedia&parent=26323"}],"wp:term":[{"taxonomy":"category","embeddable":true,"href":"https:\/\/encuentroinformativo.com.mx\/index.php?rest_route=%2Fwp%2Fv2%2Fcategories&post=26323"},{"taxonomy":"post_tag","embeddable":true,"href":"https:\/\/encuentroinformativo.com.mx\/index.php?rest_route=%2Fwp%2Fv2%2Ftags&post=26323"}],"curies":[{"name":"wp","href":"https:\/\/api.w.org\/{rel}","templated":true}]}}