{"id":26352,"date":"2022-04-23T16:04:41","date_gmt":"2022-04-23T21:04:41","guid":{"rendered":"https:\/\/encuentroinformativo.com.mx\/?p=26352"},"modified":"2022-04-23T16:04:44","modified_gmt":"2022-04-23T21:04:44","slug":"promueven-diputados-iniciativa-para-crear-sistema-de-proteccion","status":"publish","type":"post","link":"https:\/\/encuentroinformativo.com.mx\/?p=26352","title":{"rendered":"Promueven diputados iniciativa para crear Sistema de Protecci\u00f3n"},"content":{"rendered":"\n<p><strong>Dar\u00edo Pale<\/strong><\/p>\n\n\n\n<p>Xalapa, Ver.- Diputados federales del grupo parlamentario del Partido de la Revoluci\u00f3n Democr\u00e1tica (PRD), dieron a conocer que presentaron una iniciativa para crear el Sistema Nacional para la Protecci\u00f3n a Personas Defensoras de Derechos Humanos y Periodistas que cuente con un \u00f3rgano t\u00e9cnico para la promulgaci\u00f3n de la ley en la materia.<\/p>\n\n\n\n<p>En conferencia de prensa los diputados federales se\u00f1alaron que el Sistema Nacional para protecci\u00f3n de periodistas, al igual que para la protecci\u00f3n de los defensores de los derechos humanos deber\u00e1 contar con presupuesto propio y debe ser encabezado por miembros de la sociedad civil.<\/p>\n\n\n\n<p>La diputada federal presidenta de la Comisi\u00f3n de Grupos Vulnerables, Gabriela Sodi Miranda, explic\u00f3 que para dicha propuesta escogieron los mejores sistemas de \u00e9xito de las instituciones aut\u00f3nomas con consensos de consejeros ciudadanos y evitar el oficialismo y no sean sometidas las voces de los comunicadores.<\/p>\n\n\n\n<p>Este s\u00e1bado lleg\u00f3 un grupo de legisladoras y legisladores federales para exponer la iniciativa a reporteras y reporteros de esta capital y recoger sus propuestas para mejorarla.<\/p>\n\n\n\n<p>La legisladora destac\u00f3 que la iniciativa tendr\u00e1 el apoyo de los partidos de la alianza Va por M\u00e9xico, por lo que tendr\u00eda el voto de m\u00e1s de 200 diputados y diputadas.<\/p>\n\n\n\n<p>&#8220;Tiene un sistema de resguardo aut\u00f3nomo consensado por consejeros que tendr\u00edan que ser ciudadanos para descentralizarlo de la protecci\u00f3n gubernamental, esa ser\u00eda una de las posturas que estar\u00edamos exigiendo inamovible, porque en este momento el Gobierno est\u00e1 proponiendo una iniciativa que sale de la nuestra porque as\u00ed lo hemos encontrado&#8221;, se\u00f1al\u00f3.<\/p>\n\n\n\n<p>Por su parte, la diputada Olga Luz Espinosa Morales, dio a conocer que el nuevo organismo tendr\u00eda un presupuesto propio para operar, mismo que se deber\u00e1 definir en el Presupuesto de Egresos de la Federaci\u00f3n (PEF).<\/p>\n\n\n\n<p>&#8220;Lo que se tiene que hacer es garantizar que exista un fondo para periodistas, pero en el PEF&#8230; si no existe un recurso en el PEF es solamente discurso, un tema de buenas intenciones&#8221; coment\u00f3.<\/p>\n\n\n\n<p>Para ello se tendr\u00eda que hacer una corrida financiera y record\u00f3 que cuando se hace el dictamen se tiene que hacer un dictamen presupuestal para que tenga todo el manejo de la propuesta y de la iniciativa que se present\u00f3.<\/p>\n\n\n\n<p>&#8220;No se puede dar el monto, porque el presupuesto que lleg\u00f3 del periodo anterior estaba elevado en algunos rubros, pero cuando nos lleg\u00f3 ya ten\u00eda un 3 por ciento de inflaci\u00f3n, ahora tenemos un 7.52 de inflaci\u00f3n, entonces no sabemos con qu\u00e9 nos vamos a enfrentar en septiembre, en octubre y noviembre, cuando ya tenemos que entregar las partidas&#8221;, aclar\u00f3 Gabriela Sodi.<\/p>\n\n\n\n<p>Finalmente comentaron que para dicha iniciativa deber\u00e1n conocer la situaci\u00f3n de las y los periodistas de cada una de las entidades, que aunque es generalizada la necesidad de protecci\u00f3n, se debe conocer el n\u00famero de personas que est\u00e1n solicitando asistencia de los programas para que con base en ello se pueda generar una partida presupuestal, defini\u00f3 la diputada Elizabeth P\u00e9rez.<\/p>\n","protected":false},"excerpt":{"rendered":"<p>Dar\u00edo Pale Xalapa, Ver.- Diputados federales del grupo parlamentario del Partido de la Revoluci\u00f3n Democr\u00e1tica (PRD), dieron a conocer que presentaron una iniciativa para crear el Sistema Nacional para la Protecci\u00f3n a Personas Defensoras de Derechos Humanos y Periodistas que cuente con un \u00f3rgano t\u00e9cnico para la promulgaci\u00f3n de la ley en la materia. En [&hellip;]<\/p>\n","protected":false},"author":1,"featured_media":26353,"comment_status":"open","ping_status":"open","sticky":false,"template":"","format":"standard","meta":{"_jetpack_memberships_contains_paid_content":false,"footnotes":""},"categories":[2],"tags":[],"class_list":["post-26352","post","type-post","status-publish","format-standard","has-post-thumbnail","hentry","category-estado"],"jetpack_featured_media_url":"https:\/\/encuentroinformativo.com.mx\/wp-content\/uploads\/2022\/04\/6BC030CD-98CA-4CB1-AC06-A2C880E46A69.jpeg","jetpack_sharing_enabled":true,"jetpack_likes_enabled":true,"amp_enabled":true,"_links":{"self":[{"href":"https:\/\/encuentroinformativo.com.mx\/index.php?rest_route=\/wp\/v2\/posts\/26352","targetHints":{"allow":["GET"]}}],"collection":[{"href":"https:\/\/encuentroinformativo.com.mx\/index.php?rest_route=\/wp\/v2\/posts"}],"about":[{"href":"https:\/\/encuentroinformativo.com.mx\/index.php?rest_route=\/wp\/v2\/types\/post"}],"author":[{"embeddable":true,"href":"https:\/\/encuentroinformativo.com.mx\/index.php?rest_route=\/wp\/v2\/users\/1"}],"replies":[{"embeddable":true,"href":"https:\/\/encuentroinformativo.com.mx\/index.php?rest_route=%2Fwp%2Fv2%2Fcomments&post=26352"}],"version-history":[{"count":1,"href":"https:\/\/encuentroinformativo.com.mx\/index.php?rest_route=\/wp\/v2\/posts\/26352\/revisions"}],"predecessor-version":[{"id":26354,"href":"https:\/\/encuentroinformativo.com.mx\/index.php?rest_route=\/wp\/v2\/posts\/26352\/revisions\/26354"}],"wp:featuredmedia":[{"embeddable":true,"href":"https:\/\/encuentroinformativo.com.mx\/index.php?rest_route=\/wp\/v2\/media\/26353"}],"wp:attachment":[{"href":"https:\/\/encuentroinformativo.com.mx\/index.php?rest_route=%2Fwp%2Fv2%2Fmedia&parent=26352"}],"wp:term":[{"taxonomy":"category","embeddable":true,"href":"https:\/\/encuentroinformativo.com.mx\/index.php?rest_route=%2Fwp%2Fv2%2Fcategories&post=26352"},{"taxonomy":"post_tag","embeddable":true,"href":"https:\/\/encuentroinformativo.com.mx\/index.php?rest_route=%2Fwp%2Fv2%2Ftags&post=26352"}],"curies":[{"name":"wp","href":"https:\/\/api.w.org\/{rel}","templated":true}]}}