{"id":26355,"date":"2022-04-24T12:03:42","date_gmt":"2022-04-24T17:03:42","guid":{"rendered":"https:\/\/encuentroinformativo.com.mx\/?p=26355"},"modified":"2022-04-24T12:03:45","modified_gmt":"2022-04-24T17:03:45","slug":"iniciaran-vacunacion-de-refuerzo-para-adultos-mayores","status":"publish","type":"post","link":"https:\/\/encuentroinformativo.com.mx\/?p=26355","title":{"rendered":"Iniciar\u00e1n vacunaci\u00f3n de refuerzo para adultos mayores"},"content":{"rendered":"\n<p><strong>Juan Arcos<\/strong><\/p>\n\n\n\n<p>Xalapa, Ver.- Durante los d\u00edas 25 y 26 de abril ser\u00e1 aplicado el segundo refuerzo de la vacuna contra el Sars-Cov2 (Covid-19) a adultos mayores de 27 municipios del estado de Veracruz.<\/p>\n\n\n\n<p>As\u00ed lo dio a conocer el delegado de Programas Sociales en Veracruz, Manuel Huerta Ladr\u00f3n de Guevara, quien a\u00f1adi\u00f3 que estas acciones se llevar\u00e1n a cabo tambi\u00e9n en Xalapa y el puerto de Veracruz.<\/p>\n\n\n\n<p>En rueda de prensa, en el Complejo Deportivo Omega dio a conocer que ser\u00e1n inoculadas las personas que recibieron el primer refuerzo hace cuatro meses. Ser\u00eda la cuarta dosis y en esta ocasi\u00f3n tambi\u00e9n ser\u00eda suministrado el biol\u00f3gico de la farmac\u00e9utica AstraZeneca.<\/p>\n\n\n\n<p>Los 27 municipios donde se continuar\u00e1 este Plan Nacional de Vacunaci\u00f3n son: Acayucan, \u00c1lamo, Boca del R\u00edo, Catemaco, Cerro Azul, Chicontepec, Coatzacoalcos, C\u00f3rdoba, Cosamaloapan, Cosoleacaque, Fort\u00edn, Hueyapan de Ocampo, Isla, Mart\u00ednez de la Torre, Naranjal, Naranjos, Orizaba, P\u00e1nuco, Poza Rica, San Andr\u00e9s Tuxtla.<\/p>\n\n\n\n<p>As\u00ed como tambi\u00e9n, Sochiapa, Tamiahua, Tantoyuca, Tuxpan, Veracruz, Xalapa y Minatitl\u00e1n, en este \u00faltimo durante los d\u00edas 27 y 28 de abril.<\/p>\n\n\n\n<p>\u201cLa memoria es flaca y ante los pocos contagios y las nulas hospitalizaciones ya se olvidan pero es muy importante que el adulto mayor se vacune, que es el m\u00e1s vulnerable, es el que tiene a veces la problem\u00e1tica de salud m\u00e1s compleja\u201d, enfatiz\u00f3.<\/p>\n\n\n\n<p>En Xalapa ser\u00e1 sede el Complejo Deportivo Omega, ubicado sobre la\u00a0<a href=\"https:\/\/www.google.com\/maps\/search\/calle+Miguel+Barrag%C3%A1n+n%C3%BAmero+32?entry=gmail&amp;source=g\">calle Miguel Barrag\u00e1n n\u00famero 32<\/a>, en la zona centro de la ciudad.<\/p>\n\n\n\n<p>Mientras que en el puerto de Veracruz el m\u00f3dulo de vacunaci\u00f3n ser\u00e1 instalado en el estadio \u201cLuis Pirata Fuente\u201d, sobre la avenida Espa\u00f1a, entre Jacarandas y Paseo de las Flores, en la colonia Jardines de Virginia.<\/p>\n\n\n\n<p>Los adultos mayores podr\u00e1n vacunarse en los m\u00f3dulos que han sido instalados en plazas comerciales, hospitales y hasta en el que se encuentra en bajos de Palacio de Gobierno.<\/p>\n\n\n\n<p>\u201cEn cualquier lugar se pueden vacunar aunque en este (Complejo Deportivo Omega) estamos dedicados a este refuerzo que es el segundo y su cuarta vacuna\u201d, remat\u00f3 Huerta Ladr\u00f3n de Guevara.<\/p>\n","protected":false},"excerpt":{"rendered":"<p>Juan Arcos Xalapa, Ver.- Durante los d\u00edas 25 y 26 de abril ser\u00e1 aplicado el segundo refuerzo de la vacuna contra el Sars-Cov2 (Covid-19) a adultos mayores de 27 municipios del estado de Veracruz. As\u00ed lo dio a conocer el delegado de Programas Sociales en Veracruz, Manuel Huerta Ladr\u00f3n de Guevara, quien a\u00f1adi\u00f3 que estas [&hellip;]<\/p>\n","protected":false},"author":1,"featured_media":22636,"comment_status":"open","ping_status":"open","sticky":false,"template":"","format":"standard","meta":{"_jetpack_memberships_contains_paid_content":false,"footnotes":""},"categories":[9],"tags":[],"class_list":["post-26355","post","type-post","status-publish","format-standard","has-post-thumbnail","hentry","category-salud"],"jetpack_featured_media_url":"https:\/\/encuentroinformativo.com.mx\/wp-content\/uploads\/2022\/01\/8E28B844-BB97-4B90-98B0-0504BE57FCD0-scaled.jpeg","jetpack_sharing_enabled":true,"jetpack_likes_enabled":true,"amp_enabled":true,"_links":{"self":[{"href":"https:\/\/encuentroinformativo.com.mx\/index.php?rest_route=\/wp\/v2\/posts\/26355","targetHints":{"allow":["GET"]}}],"collection":[{"href":"https:\/\/encuentroinformativo.com.mx\/index.php?rest_route=\/wp\/v2\/posts"}],"about":[{"href":"https:\/\/encuentroinformativo.com.mx\/index.php?rest_route=\/wp\/v2\/types\/post"}],"author":[{"embeddable":true,"href":"https:\/\/encuentroinformativo.com.mx\/index.php?rest_route=\/wp\/v2\/users\/1"}],"replies":[{"embeddable":true,"href":"https:\/\/encuentroinformativo.com.mx\/index.php?rest_route=%2Fwp%2Fv2%2Fcomments&post=26355"}],"version-history":[{"count":1,"href":"https:\/\/encuentroinformativo.com.mx\/index.php?rest_route=\/wp\/v2\/posts\/26355\/revisions"}],"predecessor-version":[{"id":26356,"href":"https:\/\/encuentroinformativo.com.mx\/index.php?rest_route=\/wp\/v2\/posts\/26355\/revisions\/26356"}],"wp:featuredmedia":[{"embeddable":true,"href":"https:\/\/encuentroinformativo.com.mx\/index.php?rest_route=\/wp\/v2\/media\/22636"}],"wp:attachment":[{"href":"https:\/\/encuentroinformativo.com.mx\/index.php?rest_route=%2Fwp%2Fv2%2Fmedia&parent=26355"}],"wp:term":[{"taxonomy":"category","embeddable":true,"href":"https:\/\/encuentroinformativo.com.mx\/index.php?rest_route=%2Fwp%2Fv2%2Fcategories&post=26355"},{"taxonomy":"post_tag","embeddable":true,"href":"https:\/\/encuentroinformativo.com.mx\/index.php?rest_route=%2Fwp%2Fv2%2Ftags&post=26355"}],"curies":[{"name":"wp","href":"https:\/\/api.w.org\/{rel}","templated":true}]}}