{"id":26366,"date":"2022-04-24T19:07:58","date_gmt":"2022-04-25T00:07:58","guid":{"rendered":"https:\/\/encuentroinformativo.com.mx\/?p=26366"},"modified":"2022-04-24T19:08:02","modified_gmt":"2022-04-25T00:08:02","slug":"con-marcha-reclaman-justicia-para-juana-ovando","status":"publish","type":"post","link":"https:\/\/encuentroinformativo.com.mx\/?p=26366","title":{"rendered":"Con marcha, reclaman justicia para Juana Ovando"},"content":{"rendered":"\n<p><strong>Juan Arcos<\/strong><\/p>\n\n\n\n<p>Xalapa, Ver.- Cientos de feministas salieron a las calles de la ciudad de Xalapa, la capital del estado, para exigir justicia para Juana Ovando de los Santos, una joven de 21 a\u00f1os que fue asesinada por su vecino el pasado mi\u00e9rcoles 30 de abril al interior de su domicilio.<\/p>\n\n\n\n<p>El contingente se concentr\u00f3 en el Teatro del Estado \u201cIgnacio de la Llave\u201d y despu\u00e9s march\u00f3 hacia el Viaducto del parque Benito Ju\u00e1rez y Palacio de Gobierno, donde realizaron pintas con pintura en aerosol para exhibir su hartazgo por la constante violencia que padecen las mujeres a nivel nacional.<\/p>\n\n\n\n<p>\u201cPor Juana y por todas las que ya no pudieron marchar\u201d, \u201c\u00bfqu\u00e9 cosecha un pa\u00eds que siembra cuerpos?\u201d y \u201cno estamos todas, M\u00e9xico feminicida\u201d, se le\u00eda en algunas de sus pancartas.<\/p>\n\n\n\n<p>Juana Ovando era originaria de Agua Dulce, viaj\u00f3 desde la zona sur del estado hasta la capital, donde fue atacada con un martillo y una navaja por su vecino hasta arrebatarle la vida. Su cuerpo fue encontrado en una cuarter\u00eda de la calle Aquiles Serd\u00e1n, en la colonia Guadalupe Rodr\u00edguez, cerca de la zona centro de Xalapa.<\/p>\n\n\n\n<p>Ella rentaba un cuarto con su novio y subsist\u00edan vendiendo hielitos de sabores. Pretend\u00eda ingresar el pr\u00f3ximo ciclo a la Universidad Veracruzana y estaba inmersa tambi\u00e9n en las redes juveniles de la pol\u00edtica, pues fue Secretaria de la Juventud de la Confederaci\u00f3n Nacional Organizaciones Populares (CNOP) del Partido Revolucionario Institucional.<\/p>\n\n\n\n<p>Juana hab\u00eda participado en manifestaciones feministas durante los a\u00f1os 2020 y 2021. Serge \u201cN\u201d fue detenido y es se\u00f1alado de feminicidio por la Fiscal\u00eda General del Estado (FGE) en este caso.<\/p>\n\n\n\n<p>Las feministas caminaron sobre la avenida Manuel \u00c1vila Camacho, pasaron por el viaducto y se incorporaron a la calle Ignacio Zaragoza y posteriormente se concentraron en Plaza Sebasti\u00e1n Lerdo de Tejada, frente a Palacio de Gobierno.<\/p>\n\n\n\n<p>Las mujeres tambi\u00e9n exhib\u00edan una lona con fotograf\u00edas de mujeres que se encuentran desparecidas en la entidad veracruzana; se contabilizan 160 desapariciones de mujeres adolescentes y ni\u00f1as en Veracruz, durante el primer trimestre del a\u00f1o, seg\u00fan cifras de activistas.<\/p>\n\n\n\n<p>Una mujer y un joven homosexual estuvieron rociando espuma al equipo fotogr\u00e1fico y de video que utilizaban reporteros para dar cobertura a la marcha de este domingo.<\/p>\n\n\n\n<p>Las movilizaciones se llevaron a cabo tambi\u00e9n en Tuxpan, al norte del estado, y en otros municipios de Veracruz.<\/p>\n\n\n\n<figure class=\"wp-block-image size-large\"><img loading=\"lazy\" decoding=\"async\" width=\"1024\" height=\"768\" src=\"https:\/\/encuentroinformativo.com.mx\/wp-content\/uploads\/2022\/04\/88754F52-2203-4623-A0DE-1CC8AB445E4A-1024x768.jpeg\" alt=\"\" class=\"wp-image-26368\" srcset=\"https:\/\/encuentroinformativo.com.mx\/wp-content\/uploads\/2022\/04\/88754F52-2203-4623-A0DE-1CC8AB445E4A-1024x768.jpeg 1024w, https:\/\/encuentroinformativo.com.mx\/wp-content\/uploads\/2022\/04\/88754F52-2203-4623-A0DE-1CC8AB445E4A-300x225.jpeg 300w, https:\/\/encuentroinformativo.com.mx\/wp-content\/uploads\/2022\/04\/88754F52-2203-4623-A0DE-1CC8AB445E4A-768x576.jpeg 768w, https:\/\/encuentroinformativo.com.mx\/wp-content\/uploads\/2022\/04\/88754F52-2203-4623-A0DE-1CC8AB445E4A.jpeg 1320w\" sizes=\"auto, (max-width: 1024px) 100vw, 1024px\" \/><\/figure>\n","protected":false},"excerpt":{"rendered":"<p>Juan Arcos Xalapa, Ver.- Cientos de feministas salieron a las calles de la ciudad de Xalapa, la capital del estado, para exigir justicia para Juana Ovando de los Santos, una joven de 21 a\u00f1os que fue asesinada por su vecino el pasado mi\u00e9rcoles 30 de abril al interior de su domicilio. El contingente se concentr\u00f3 [&hellip;]<\/p>\n","protected":false},"author":1,"featured_media":26367,"comment_status":"open","ping_status":"open","sticky":false,"template":"","format":"standard","meta":{"_jetpack_memberships_contains_paid_content":false,"footnotes":""},"categories":[3],"tags":[],"class_list":["post-26366","post","type-post","status-publish","format-standard","has-post-thumbnail","hentry","category-xalapa"],"jetpack_featured_media_url":"https:\/\/encuentroinformativo.com.mx\/wp-content\/uploads\/2022\/04\/702C6266-1C73-44A3-B1F6-FFA8F1FE530D.jpeg","jetpack_sharing_enabled":true,"jetpack_likes_enabled":true,"amp_enabled":true,"_links":{"self":[{"href":"https:\/\/encuentroinformativo.com.mx\/index.php?rest_route=\/wp\/v2\/posts\/26366","targetHints":{"allow":["GET"]}}],"collection":[{"href":"https:\/\/encuentroinformativo.com.mx\/index.php?rest_route=\/wp\/v2\/posts"}],"about":[{"href":"https:\/\/encuentroinformativo.com.mx\/index.php?rest_route=\/wp\/v2\/types\/post"}],"author":[{"embeddable":true,"href":"https:\/\/encuentroinformativo.com.mx\/index.php?rest_route=\/wp\/v2\/users\/1"}],"replies":[{"embeddable":true,"href":"https:\/\/encuentroinformativo.com.mx\/index.php?rest_route=%2Fwp%2Fv2%2Fcomments&post=26366"}],"version-history":[{"count":1,"href":"https:\/\/encuentroinformativo.com.mx\/index.php?rest_route=\/wp\/v2\/posts\/26366\/revisions"}],"predecessor-version":[{"id":26369,"href":"https:\/\/encuentroinformativo.com.mx\/index.php?rest_route=\/wp\/v2\/posts\/26366\/revisions\/26369"}],"wp:featuredmedia":[{"embeddable":true,"href":"https:\/\/encuentroinformativo.com.mx\/index.php?rest_route=\/wp\/v2\/media\/26367"}],"wp:attachment":[{"href":"https:\/\/encuentroinformativo.com.mx\/index.php?rest_route=%2Fwp%2Fv2%2Fmedia&parent=26366"}],"wp:term":[{"taxonomy":"category","embeddable":true,"href":"https:\/\/encuentroinformativo.com.mx\/index.php?rest_route=%2Fwp%2Fv2%2Fcategories&post=26366"},{"taxonomy":"post_tag","embeddable":true,"href":"https:\/\/encuentroinformativo.com.mx\/index.php?rest_route=%2Fwp%2Fv2%2Ftags&post=26366"}],"curies":[{"name":"wp","href":"https:\/\/api.w.org\/{rel}","templated":true}]}}