{"id":26372,"date":"2022-04-25T09:12:53","date_gmt":"2022-04-25T14:12:53","guid":{"rendered":"https:\/\/encuentroinformativo.com.mx\/?p=26372"},"modified":"2022-04-25T09:12:56","modified_gmt":"2022-04-25T14:12:56","slug":"el-otro-verde","status":"publish","type":"post","link":"https:\/\/encuentroinformativo.com.mx\/?p=26372","title":{"rendered":"El otro Verde"},"content":{"rendered":"\n<p><strong>Los Pol\u00edticos<\/strong><\/p>\n\n\n\n<p><strong>Salvador Mu\u00f1oz<\/strong><\/p>\n\n\n\n<p>Cinco lustros se dicen f\u00e1cil\u2026 era un punto verde en un universo aplanador de pri\u00edstas, pero a\u00fan as\u00ed, destacaba porque la agenda la ten\u00eda muy clara. S\u00ed, fue diputado local en esa Legislatura que encabez\u00f3 el Jefe Nacho, Ignacio Gonz\u00e1lez Rebolledo. Y tras 25 a\u00f1os de estar defendiendo los colores de un partido al que dio vida junto con otros \u201cverdecruzanos\u201d, el paisano Alonso Dom\u00ednguez Ferr\u00e1ez, el pasado 20 de abril, pide al PVEM \u201cdarse un tiempo\u201d en aras de perseguir sus proyectos personales.<\/p>\n\n\n\n<p>S\u00ed, en esta relaci\u00f3n PVEM-Alonso, pareciera que el de las Aguas Alegres con esa \u201cseparaci\u00f3n temporal\u201d le dice a la dirigencia nacional: \u201cNo eres t\u00fa, soy yo\u201d, pero ese momento en la vida pol\u00edtica de Dom\u00ednguez Ferr\u00e1ez puede ser el principio para que otros \u201cverdecruzanos\u201d de otros puntos de la entidad, analicen la posibilidad de que inicien sus propios proyectos personales lejos del PVEM\u2026 \u00bfpor qu\u00e9? Para ello hay que entender las causas de la separaci\u00f3n de Alonso en tres puntos:<\/p>\n\n\n\n<p>1.- En el c\u00edrculo cerrado de Dom\u00ednguez Ferr\u00e1ez es sabido que el empresario tiene la certeza de que en Veracruz (conste, enfatizo: en Veracruz) el partido perdi\u00f3 la br\u00fajula, su ideolog\u00eda, para ser presa del PRI, pues aseguran que en las pasadas elecciones, el Verde postul\u00f3 a pri\u00edstas de no muy buenos recuerdos para los veracruzanos en algunas alcald\u00edas del estado, haciendo a un lado a verdaderos ecologistas como Jes\u00fas Zenil en Tepetzintla o Juli\u00e1n Organista Barranca, en los Tuxtlas, por citar algunos; es decir: el partido est\u00e1 m\u00e1s preocupado por los votos que por la estructura y la verdadera militancia verde.<\/p>\n\n\n\n<p>2.- Otro punto m\u00e1s que abona a esta separaci\u00f3n, es esa incomodidad que sin decirlo, gener\u00f3 desde un principio el arribo al partido de Javier Herrera Borunda. Vamos! El hijo del Rojo mayor de Veracruz \u201cse convirti\u00f3\u201d en Verde para sacudirse el estigma del padre y su partido, cosa que entre los \u201cverdederos\u201d \u201cverdecruzanos\u201d y por supuesto, entre los ciudadanos, entre la sociedad, no se ha logrado en perjuicio del PVEM, porque a donde aparece Javier Herrera con el logo del Tuc\u00e1n, lo relacionan con Fidel y su partido de origen.<\/p>\n\n\n\n<p>3.- El punto quiz\u00e1s m\u00e1s importante: Se quiera o no, Javier Herrera, delegado del CEN del PVEM y algunos duartistas cloroficados, abrieron un frente con el Gobernador Cuitl\u00e1huac Garc\u00eda Jim\u00e9nez y el secretario m\u00faltiple Bola 8, en el que los verdes de cepa no tienen vela y mucho menos Alonso Dom\u00ednguez, quien al contrario del cachorro de Nopaltepec, guarda relaci\u00f3n pol\u00edtica con buena parte del Gabinete\u2026<\/p>\n\n\n\n<p>En pocas palabras, los intereses de quienes en Veracruz hoy dirigen el Verde, est\u00e1n alejados a la ideolog\u00eda que durante 25 a\u00f1os conoci\u00f3 en el PVEM y sigui\u00f3 Alonso Dom\u00ednguez Ferr\u00e1ez, por lo que esa \u201cseparaci\u00f3n personal\u201d es un indicativo de que el orizabe\u00f1o volver\u00e1 por sus fueros en cuanto vea que en el Verde de Veracruz hay Madurez Pol\u00edtica y cuando sus dirigentes tomen en cuenta a la cantera del Tuc\u00e1n\u2026 ojal\u00e1 sea pronto, porque a la vuelta de la esquina, est\u00e1 el 2024.<\/p>\n\n\n\n<p>Ojo! porque en una de \u00e9sas, es posible que Alonso Dom\u00ednguez Ferr\u00e1ez, con esta separaci\u00f3n que anunci\u00f3 el pasado 20 de abril, est\u00e9 generando un despertar en los \u201cverdecruzanos\u201d, una corriente cr\u00edtica al interior del PVEM, un ecologismo pol\u00edtico serio, y no refugio de pri\u00edstas\u2026 o duartistas\u2026 \u00a1qui\u00e9n sabe! pero este pasado fin de semana, tras el anuncio que hizo Alonso Dom\u00ednguez Ferr\u00e1ez, las oficinas del empresario radiof\u00f3nico se vieron m\u00e1s movidas de lo normal por un factor en com\u00fan: sus simpatizantes y representantes populares de la regi\u00f3n fueron a refrendarle su respaldo por la decisi\u00f3n que tom\u00f3 y para brindarle el apoyo para acompa\u00f1arlo en lo que se pudiera considerar como el inicio de un movimiento que retome la actividad ambientalista desde la participaci\u00f3n ciudadana, dejando de lado nombres y buscar hombres y mujeres que en verdad compartan los ideales del PVEM.<\/p>\n\n\n\n<p>Ah\u00ed, en esas oficinas, naci\u00f3 ya un movimiento que se ha de expandir en todo el estado\u2026 una ola verde que haga florecer los ideales de don Jorge Gonz\u00e1lez Torres, fundador del PVEM y que el actual secretario de organizaci\u00f3n del partido verde en el pa\u00eds, Javier Herrera Borunda, hijo del exgobernador Fidel Herrera, no&nbsp; profesa.<\/p>\n\n\n\n<p>\u00a1Ojo! No se trata de darle una desconocida a la dirigente estatal Eleaney Sesma, amiga de Javier Herrera y Marcelo Ruiz, sino de fortalecer un movimiento pol\u00edtico que con la experiencia y conocimiento de los ex verdes en la regi\u00f3n de Orizaba, seguramente, ser\u00e1n protagonistas en la pr\u00f3ximas elecciones y es seguro que llamen la atenci\u00f3n de otros partidos\u2026 quien quita y en una de \u00e9sas, de verde se pase a naranja, por decir algo\u2026<\/p>\n\n\n\n<p>Una cosa es clara: el cachorro del T\u00edo Fide jam\u00e1s pens\u00f3 que la salida de Dom\u00ednguez Ferr\u00e1ez ser\u00eda un golpe que lo exhibe y exhibe de qu\u00e9 est\u00e1 hecho el partido en este momento: De tuc\u00e1n pas\u00f3 a sand\u00eda: Verde por fuera\u2026 rojo por dentro.<\/p>\n\n\n\n<p><a href=\"mailto:smcainito@gmail.com\" target=\"_blank\" rel=\"noreferrer noopener\">smcainito@gmail.com<\/a><\/p>\n","protected":false},"excerpt":{"rendered":"<p>Los Pol\u00edticos Salvador Mu\u00f1oz Cinco lustros se dicen f\u00e1cil\u2026 era un punto verde en un universo aplanador de pri\u00edstas, pero a\u00fan as\u00ed, destacaba porque la agenda la ten\u00eda muy clara. S\u00ed, fue diputado local en esa Legislatura que encabez\u00f3 el Jefe Nacho, Ignacio Gonz\u00e1lez Rebolledo. Y tras 25 a\u00f1os de estar defendiendo los colores de [&hellip;]<\/p>\n","protected":false},"author":1,"featured_media":387,"comment_status":"open","ping_status":"open","sticky":false,"template":"","format":"standard","meta":{"_jetpack_memberships_contains_paid_content":false,"footnotes":""},"categories":[11],"tags":[],"class_list":["post-26372","post","type-post","status-publish","format-standard","has-post-thumbnail","hentry","category-opinion"],"jetpack_featured_media_url":"https:\/\/encuentroinformativo.com.mx\/wp-content\/uploads\/2020\/03\/7CF8A22B-2764-47BE-8F7F-38FE9E5D6A2F.jpeg","jetpack_sharing_enabled":true,"jetpack_likes_enabled":true,"amp_enabled":true,"_links":{"self":[{"href":"https:\/\/encuentroinformativo.com.mx\/index.php?rest_route=\/wp\/v2\/posts\/26372","targetHints":{"allow":["GET"]}}],"collection":[{"href":"https:\/\/encuentroinformativo.com.mx\/index.php?rest_route=\/wp\/v2\/posts"}],"about":[{"href":"https:\/\/encuentroinformativo.com.mx\/index.php?rest_route=\/wp\/v2\/types\/post"}],"author":[{"embeddable":true,"href":"https:\/\/encuentroinformativo.com.mx\/index.php?rest_route=\/wp\/v2\/users\/1"}],"replies":[{"embeddable":true,"href":"https:\/\/encuentroinformativo.com.mx\/index.php?rest_route=%2Fwp%2Fv2%2Fcomments&post=26372"}],"version-history":[{"count":1,"href":"https:\/\/encuentroinformativo.com.mx\/index.php?rest_route=\/wp\/v2\/posts\/26372\/revisions"}],"predecessor-version":[{"id":26373,"href":"https:\/\/encuentroinformativo.com.mx\/index.php?rest_route=\/wp\/v2\/posts\/26372\/revisions\/26373"}],"wp:featuredmedia":[{"embeddable":true,"href":"https:\/\/encuentroinformativo.com.mx\/index.php?rest_route=\/wp\/v2\/media\/387"}],"wp:attachment":[{"href":"https:\/\/encuentroinformativo.com.mx\/index.php?rest_route=%2Fwp%2Fv2%2Fmedia&parent=26372"}],"wp:term":[{"taxonomy":"category","embeddable":true,"href":"https:\/\/encuentroinformativo.com.mx\/index.php?rest_route=%2Fwp%2Fv2%2Fcategories&post=26372"},{"taxonomy":"post_tag","embeddable":true,"href":"https:\/\/encuentroinformativo.com.mx\/index.php?rest_route=%2Fwp%2Fv2%2Ftags&post=26372"}],"curies":[{"name":"wp","href":"https:\/\/api.w.org\/{rel}","templated":true}]}}