{"id":26374,"date":"2022-04-25T11:16:21","date_gmt":"2022-04-25T16:16:21","guid":{"rendered":"https:\/\/encuentroinformativo.com.mx\/?p=26374"},"modified":"2022-04-25T11:16:25","modified_gmt":"2022-04-25T16:16:25","slug":"ayuntamiento-de-veracruz-invertira-300-mdp-de-pesos-en-obra-publica","status":"publish","type":"post","link":"https:\/\/encuentroinformativo.com.mx\/?p=26374","title":{"rendered":"Ayuntamiento de Veracruz invertir\u00e1 300 mdp de pesos en obra p\u00fablica"},"content":{"rendered":"\n<p><strong>Alejandro \u00c1vila<\/strong><\/p>\n\n\n\n<p>Veracruz, Ver.- Un total de 300 millones de pesos, ser\u00e1 la inversi\u00f3n en obra p\u00fablica qu\u00e9 har\u00e1 el Ayuntamiento de Veracruz en la ciudad durante el 2022, inform\u00f3 la alcaldesa Patricia Lobeira Rodr\u00edguez.<\/p>\n\n\n\n<p>La edil panista reconoci\u00f3 que, hubo un ajuste en las participaciones federales y el monto en comparaci\u00f3n a otros a\u00f1os fue menor; sin embargo, estiman recaudar 30 millones de pesos m\u00e1s del impuesto predial, para alcanzar los 300 de inversi\u00f3n en obra p\u00fablica.<\/p>\n\n\n\n<p>&#8220;De hecho s\u00ed, en el plan de obras que nosotros tenemos hubo un ajuste en cu\u00e1ntas participaciones federales, en cuanto a obras, normalmente antes iban aumentando, estos \u00faltimos a\u00f1os hemos visto que han ido disminuyendo, y esta vez disminuyeron alrededor de 30 millones de pesos (\u2026) lo que nosotros vamos a estar invirtiendo en obra en el municipio, es alrededor de 300 millones de pesos (\u2026) eso es porque nosotros estamos pensando recaudar un poco m\u00e1s, esta vez ser\u00edan alrededor de 270 millones, nosotros queremos recaudar m\u00e1s de predial, c\u00f3mo estamos haciendo, para poder alcanzar los 300 millones de obra en el puerto de Veracruz, y el a\u00f1o pasado por ejemplo, de participaciones federales ten\u00edan 30 millones m\u00e1s&#8221;, subray\u00f3.<\/p>\n\n\n\n<p>Lobeira Rodr\u00edguez puntualiz\u00f3 que, el Plan de Desarrollo Municipal ya fue autorizado por el Cabildo y enviado al Congreso de Veracruz, y ser\u00e1 esta instancia la que d\u00e9 de la aprobaci\u00f3n final.<\/p>\n\n\n\n<p>&#8220;Estamos esperando que el Congreso lo apruebe, y una vez que est\u00e9 listo, pues ya nosotros podr\u00edamos empezar con todas las licitaciones, con todas las obras, en fin, con todo lo que tiene que hacer (\u2026) las participaciones federales llegan mensualmente, esas han estado llegando en tiempo y forma, la verdad es que hemos tenido una buena coordinaci\u00f3n en ese sentido, y nada m\u00e1s falta lo que estipula la ley, la aprobaci\u00f3n del Congreso, que as\u00ed debe de ser, se debe de presentar tambi\u00e9n en la Gaceta Oficial y una vez que est\u00e9 presentado, nosotros podemos empezar con todo nuestro Plan de Desarrollo Municipal&#8221;, remat\u00f3.<\/p>\n","protected":false},"excerpt":{"rendered":"<p>Alejandro \u00c1vila Veracruz, Ver.- Un total de 300 millones de pesos, ser\u00e1 la inversi\u00f3n en obra p\u00fablica qu\u00e9 har\u00e1 el Ayuntamiento de Veracruz en la ciudad durante el 2022, inform\u00f3 la alcaldesa Patricia Lobeira Rodr\u00edguez. La edil panista reconoci\u00f3 que, hubo un ajuste en las participaciones federales y el monto en comparaci\u00f3n a otros a\u00f1os [&hellip;]<\/p>\n","protected":false},"author":1,"featured_media":26375,"comment_status":"open","ping_status":"open","sticky":false,"template":"","format":"standard","meta":{"_jetpack_memberships_contains_paid_content":false,"footnotes":""},"categories":[2],"tags":[],"class_list":["post-26374","post","type-post","status-publish","format-standard","has-post-thumbnail","hentry","category-estado"],"jetpack_featured_media_url":"https:\/\/encuentroinformativo.com.mx\/wp-content\/uploads\/2022\/04\/AA72BE36-F995-4B9F-B8A1-122090E7AB6E.jpeg","jetpack_sharing_enabled":true,"jetpack_likes_enabled":true,"amp_enabled":true,"_links":{"self":[{"href":"https:\/\/encuentroinformativo.com.mx\/index.php?rest_route=\/wp\/v2\/posts\/26374","targetHints":{"allow":["GET"]}}],"collection":[{"href":"https:\/\/encuentroinformativo.com.mx\/index.php?rest_route=\/wp\/v2\/posts"}],"about":[{"href":"https:\/\/encuentroinformativo.com.mx\/index.php?rest_route=\/wp\/v2\/types\/post"}],"author":[{"embeddable":true,"href":"https:\/\/encuentroinformativo.com.mx\/index.php?rest_route=\/wp\/v2\/users\/1"}],"replies":[{"embeddable":true,"href":"https:\/\/encuentroinformativo.com.mx\/index.php?rest_route=%2Fwp%2Fv2%2Fcomments&post=26374"}],"version-history":[{"count":1,"href":"https:\/\/encuentroinformativo.com.mx\/index.php?rest_route=\/wp\/v2\/posts\/26374\/revisions"}],"predecessor-version":[{"id":26376,"href":"https:\/\/encuentroinformativo.com.mx\/index.php?rest_route=\/wp\/v2\/posts\/26374\/revisions\/26376"}],"wp:featuredmedia":[{"embeddable":true,"href":"https:\/\/encuentroinformativo.com.mx\/index.php?rest_route=\/wp\/v2\/media\/26375"}],"wp:attachment":[{"href":"https:\/\/encuentroinformativo.com.mx\/index.php?rest_route=%2Fwp%2Fv2%2Fmedia&parent=26374"}],"wp:term":[{"taxonomy":"category","embeddable":true,"href":"https:\/\/encuentroinformativo.com.mx\/index.php?rest_route=%2Fwp%2Fv2%2Fcategories&post=26374"},{"taxonomy":"post_tag","embeddable":true,"href":"https:\/\/encuentroinformativo.com.mx\/index.php?rest_route=%2Fwp%2Fv2%2Ftags&post=26374"}],"curies":[{"name":"wp","href":"https:\/\/api.w.org\/{rel}","templated":true}]}}