{"id":2638,"date":"2020-05-18T14:42:29","date_gmt":"2020-05-18T19:42:29","guid":{"rendered":"https:\/\/encuentroinformativo.com\/?p=2638"},"modified":"2020-05-18T14:42:30","modified_gmt":"2020-05-18T19:42:30","slug":"ocupa-veracruz-primer-lugar-por-crimenes-de-odio","status":"publish","type":"post","link":"https:\/\/encuentroinformativo.com.mx\/?p=2638","title":{"rendered":"Ocupa Veracruz primer lugar por cr\u00edmenes de odio"},"content":{"rendered":"\n<p><strong>Juan Arcos <\/strong><\/p>\n\n\n\n<p>Xalapa, Ver.- En los \u00faltimos siete a\u00f1os se han registrado 204 cr\u00edmenes de odio por homofobia y transfobia en Veracruz.<\/p>\n\n\n\n<p>As\u00ed lo revel\u00f3 Jazz Bustamante Hern\u00e1ndez, integrante del Observatorio Nacional Contra los Cr\u00edmenes de Odio (ONCO), quien agreg\u00f3 que Veracruz ocupa el primer lugar nacional con el mayor n\u00famero de cr\u00edmenes.<\/p>\n\n\n\n<p>La entrevistada detall\u00f3 que fueron asesinadas 126 mujeres transg\u00e9nero, transexuales y travestis, adem\u00e1s de 73 hombres gays y cinco mujeres lesbianas.<\/p>\n\n\n\n<p>\u201cDe estos casos hay que recordar que tres homicidios fueron contra tres hombres gays menores de edad y una jovencita trans de 16 a\u00f1os\u201d.<\/p>\n\n\n\n<p>La activista a\u00f1adi\u00f3 que durante 2019 se contabilizaron 134 cr\u00edmenes de odio en nueve estados de la Rep\u00fablica Mexicana.<br>Veracruz encabeza la lista con m\u00e1s casos.<\/p>\n\n\n\n<p>Le siguen Guerrero, Estado de M\u00e9xico, Chihuahua, Michoac\u00e1n, Tamaulipas, Ciudad de M\u00e9xico, Quintana Roo y Guanajuato.<br>Adem\u00e1s, en lo que va de este a\u00f1o, se han registrado 12 cr\u00edmenes de odio por homof\u00f3bica y transfobia en Veracruz.<\/p>\n\n\n\n<p>\u201cEn este 2020 seguimos haciendo las mismas exigencias y recomendaciones. Las acciones para garantizar la seguridad y una vida libre de discriminaci\u00f3n a las poblaciones disidentes sexuales en M\u00e9xico son insuficientes\u201d, coment\u00f3 la activista.<\/p>\n\n\n\n<p><\/p>\n","protected":false},"excerpt":{"rendered":"<p>Juan Arcos Xalapa, Ver.- En los \u00faltimos siete a\u00f1os se han registrado 204 cr\u00edmenes de odio por homofobia y transfobia en Veracruz. As\u00ed lo revel\u00f3 Jazz Bustamante Hern\u00e1ndez, integrante del Observatorio Nacional Contra los Cr\u00edmenes de Odio (ONCO), quien agreg\u00f3 que Veracruz ocupa el primer lugar nacional con el mayor n\u00famero de cr\u00edmenes. La entrevistada [&hellip;]<\/p>\n","protected":false},"author":1,"featured_media":2639,"comment_status":"open","ping_status":"open","sticky":false,"template":"","format":"standard","meta":{"_jetpack_memberships_contains_paid_content":false,"footnotes":""},"categories":[2],"tags":[],"class_list":["post-2638","post","type-post","status-publish","format-standard","has-post-thumbnail","hentry","category-estado"],"jetpack_featured_media_url":"https:\/\/encuentroinformativo.com.mx\/wp-content\/uploads\/2020\/05\/376A231A-C724-4047-A4C0-773F1BD4D0F0.jpeg","jetpack_sharing_enabled":true,"jetpack_likes_enabled":true,"amp_enabled":true,"_links":{"self":[{"href":"https:\/\/encuentroinformativo.com.mx\/index.php?rest_route=\/wp\/v2\/posts\/2638","targetHints":{"allow":["GET"]}}],"collection":[{"href":"https:\/\/encuentroinformativo.com.mx\/index.php?rest_route=\/wp\/v2\/posts"}],"about":[{"href":"https:\/\/encuentroinformativo.com.mx\/index.php?rest_route=\/wp\/v2\/types\/post"}],"author":[{"embeddable":true,"href":"https:\/\/encuentroinformativo.com.mx\/index.php?rest_route=\/wp\/v2\/users\/1"}],"replies":[{"embeddable":true,"href":"https:\/\/encuentroinformativo.com.mx\/index.php?rest_route=%2Fwp%2Fv2%2Fcomments&post=2638"}],"version-history":[{"count":1,"href":"https:\/\/encuentroinformativo.com.mx\/index.php?rest_route=\/wp\/v2\/posts\/2638\/revisions"}],"predecessor-version":[{"id":2640,"href":"https:\/\/encuentroinformativo.com.mx\/index.php?rest_route=\/wp\/v2\/posts\/2638\/revisions\/2640"}],"wp:featuredmedia":[{"embeddable":true,"href":"https:\/\/encuentroinformativo.com.mx\/index.php?rest_route=\/wp\/v2\/media\/2639"}],"wp:attachment":[{"href":"https:\/\/encuentroinformativo.com.mx\/index.php?rest_route=%2Fwp%2Fv2%2Fmedia&parent=2638"}],"wp:term":[{"taxonomy":"category","embeddable":true,"href":"https:\/\/encuentroinformativo.com.mx\/index.php?rest_route=%2Fwp%2Fv2%2Fcategories&post=2638"},{"taxonomy":"post_tag","embeddable":true,"href":"https:\/\/encuentroinformativo.com.mx\/index.php?rest_route=%2Fwp%2Fv2%2Ftags&post=2638"}],"curies":[{"name":"wp","href":"https:\/\/api.w.org\/{rel}","templated":true}]}}