{"id":26384,"date":"2022-04-25T12:40:18","date_gmt":"2022-04-25T17:40:18","guid":{"rendered":"https:\/\/encuentroinformativo.com.mx\/?p=26384"},"modified":"2022-04-25T12:40:22","modified_gmt":"2022-04-25T17:40:22","slug":"trabajador-denuncia-represalias-en-dif-estatal","status":"publish","type":"post","link":"https:\/\/encuentroinformativo.com.mx\/?p=26384","title":{"rendered":"Trabajador denuncia represalias en DIF Estatal"},"content":{"rendered":"\n<p><strong>Juan Arcos <\/strong><\/p>\n\n\n\n<p>Xalapa, Ver.- El trabajador de base Iv\u00e1n Cruz S\u00e1nchez protest\u00f3 frente a Palacio de Gobierno para denunciar que autoridades del Sistema para el Desarrollo Integral de la Familia (DIF) en Veracruz pretenden removerlo de su cargo como empleado de mantenimiento en el parque \u201cRafael Murillo Vidal\u201d de esta ciudad.<\/p>\n\n\n\n<p>El afectado se plant\u00f3 en Plaza Sebasti\u00e1n Lerdo de Tejada junto con otro grupo de personas para denunciar que est\u00e1 siendo v\u00edctima de represalias, debido a que exigi\u00f3 que se atendiera dicho parque al encontrarse en p\u00e9simas condiciones.<\/p>\n\n\n\n<p>\u201cSe pidi\u00f3 a un funcionario del DIF estatal que fuera a observar el parque, su funcionamiento, tanto la parte operativa como administrativa, esto desencaden\u00f3 que hubiera una serie de represalias contra mi persona\u201d, expres\u00f3.<\/p>\n\n\n\n<p>El entrevistado indic\u00f3 que ha sido acosado laboralmente, pues autoridades del DIF estatal amagan con rescindirle el contrato si no acepta su cambio de adscripci\u00f3n.<\/p>\n\n\n\n<p>\u201cDijeron que si no llevaba hoy a las diez de la ma\u00f1ana mi cambio de adscripci\u00f3n, iban a pedir la rescisi\u00f3n del contrato y aunque no tuvieron los elementos me los fabricar\u00edan para que pusiera la demanda\u201d, a\u00f1adi\u00f3.<\/p>\n\n\n\n<p>El parque \u201cRafael Murillo Vidal\u201d depende del DIF estatal y se encuentra sobre la calle Venustiano Carranza, en la colonia Felipe Carrillo Puerto, cerca del Paseo de los Lagos.<\/p>\n\n\n\n<p>El empleado de mantenimiento enfatiz\u00f3 que el lugar s\u00f3lo funciona al 10 por ciento y los juegos mec\u00e1nicos est\u00e1n deteriorados, lo que representa un riesgo para los menores.\u00a0<\/p>\n","protected":false},"excerpt":{"rendered":"<p>Juan Arcos Xalapa, Ver.- El trabajador de base Iv\u00e1n Cruz S\u00e1nchez protest\u00f3 frente a Palacio de Gobierno para denunciar que autoridades del Sistema para el Desarrollo Integral de la Familia (DIF) en Veracruz pretenden removerlo de su cargo como empleado de mantenimiento en el parque \u201cRafael Murillo Vidal\u201d de esta ciudad. El afectado se plant\u00f3 [&hellip;]<\/p>\n","protected":false},"author":1,"featured_media":26385,"comment_status":"open","ping_status":"open","sticky":false,"template":"","format":"standard","meta":{"_jetpack_memberships_contains_paid_content":false,"footnotes":""},"categories":[3],"tags":[],"class_list":["post-26384","post","type-post","status-publish","format-standard","has-post-thumbnail","hentry","category-xalapa"],"jetpack_featured_media_url":"https:\/\/encuentroinformativo.com.mx\/wp-content\/uploads\/2022\/04\/7AF39965-8131-4352-95AF-93BB871B3521.jpeg","jetpack_sharing_enabled":true,"jetpack_likes_enabled":true,"amp_enabled":true,"_links":{"self":[{"href":"https:\/\/encuentroinformativo.com.mx\/index.php?rest_route=\/wp\/v2\/posts\/26384","targetHints":{"allow":["GET"]}}],"collection":[{"href":"https:\/\/encuentroinformativo.com.mx\/index.php?rest_route=\/wp\/v2\/posts"}],"about":[{"href":"https:\/\/encuentroinformativo.com.mx\/index.php?rest_route=\/wp\/v2\/types\/post"}],"author":[{"embeddable":true,"href":"https:\/\/encuentroinformativo.com.mx\/index.php?rest_route=\/wp\/v2\/users\/1"}],"replies":[{"embeddable":true,"href":"https:\/\/encuentroinformativo.com.mx\/index.php?rest_route=%2Fwp%2Fv2%2Fcomments&post=26384"}],"version-history":[{"count":1,"href":"https:\/\/encuentroinformativo.com.mx\/index.php?rest_route=\/wp\/v2\/posts\/26384\/revisions"}],"predecessor-version":[{"id":26386,"href":"https:\/\/encuentroinformativo.com.mx\/index.php?rest_route=\/wp\/v2\/posts\/26384\/revisions\/26386"}],"wp:featuredmedia":[{"embeddable":true,"href":"https:\/\/encuentroinformativo.com.mx\/index.php?rest_route=\/wp\/v2\/media\/26385"}],"wp:attachment":[{"href":"https:\/\/encuentroinformativo.com.mx\/index.php?rest_route=%2Fwp%2Fv2%2Fmedia&parent=26384"}],"wp:term":[{"taxonomy":"category","embeddable":true,"href":"https:\/\/encuentroinformativo.com.mx\/index.php?rest_route=%2Fwp%2Fv2%2Fcategories&post=26384"},{"taxonomy":"post_tag","embeddable":true,"href":"https:\/\/encuentroinformativo.com.mx\/index.php?rest_route=%2Fwp%2Fv2%2Ftags&post=26384"}],"curies":[{"name":"wp","href":"https:\/\/api.w.org\/{rel}","templated":true}]}}