{"id":26387,"date":"2022-04-25T12:44:57","date_gmt":"2022-04-25T17:44:57","guid":{"rendered":"https:\/\/encuentroinformativo.com.mx\/?p=26387"},"modified":"2022-04-25T12:45:00","modified_gmt":"2022-04-25T17:45:00","slug":"suspenden-eleccion-interna-en-dirigencia-panista","status":"publish","type":"post","link":"https:\/\/encuentroinformativo.com.mx\/?p=26387","title":{"rendered":"Suspenden elecci\u00f3n interna en dirigencia panista"},"content":{"rendered":"\n<p><strong>Juan Arcos <\/strong><\/p>\n\n\n\n<p>Xalapa, Ver.- A\u00fan no hay fecha para la renovaci\u00f3n de la dirigencia estatal del Partido Acci\u00f3n Nacional (PAN), luego de la suspensi\u00f3n de las nuevas votaciones internas que estaban programadas para el pr\u00f3ximo 8 de mayo.<\/p>\n\n\n\n<p>El secretario general en funciones de presidente del PAN en Veracruz, Ari\u00e1n Gabriel Hern\u00e1ndez, dio a conocer que el pasado s\u00e1bado 23 de abril, en la sesi\u00f3n de la Comisi\u00f3n Estatal Organizadora, se determin\u00f3 suspender el proceso con base en la resoluci\u00f3n de la Sala Regional Xalapa del Tribunal Electoral del Poder Judicial de la Federaci\u00f3n (TEPJF) donde no se consideraban algunas etapas del proceso.<\/p>\n\n\n\n<p>\u201cHab\u00eda una recalendarizaci\u00f3n del proceso que se hab\u00eda tomado desde la solicitud de sustituci\u00f3n de una de las planillas y a partir de ah\u00ed se impugn\u00f3 esa recalendarizaci\u00f3n\u201d, expres\u00f3.<\/p>\n\n\n\n<p>En conferencia de prensa, realizada en la sede estatal del albiazul, inform\u00f3 que se suspendi\u00f3 el proceso interno hasta no tener claridad en las determinaciones por parte del Tribunal Electoral de Veracruz (TEV).<\/p>\n\n\n\n<p>A\u00f1adi\u00f3 que, seg\u00fan el calendario, este lunes 25 de abril iniciar\u00edan las campa\u00f1as electorales y las votaciones ser\u00edan el pr\u00f3ximo 8 de mayo; sin embargo, todo fue suspendido.<\/p>\n\n\n\n<p>Ari\u00e1n Gabriel refiri\u00f3 que el Comit\u00e9 Directivo Estatal (CDE) est\u00e1 a la espera de la resoluci\u00f3n de la Sala Superior para que determine si la elecci\u00f3n del pasado 19 de diciembre es v\u00e1lida o debe repetirse.<\/p>\n\n\n\n<p>El panista mencion\u00f3 que, el pasado 6 de abril, el Comit\u00e9 Ejecutivo Nacional (CEN) del PAN lo nombr\u00f3 como secretario general en funciones de presidente del PAN en el estado de Veracruz.<\/p>\n","protected":false},"excerpt":{"rendered":"<p>Juan Arcos Xalapa, Ver.- A\u00fan no hay fecha para la renovaci\u00f3n de la dirigencia estatal del Partido Acci\u00f3n Nacional (PAN), luego de la suspensi\u00f3n de las nuevas votaciones internas que estaban programadas para el pr\u00f3ximo 8 de mayo. El secretario general en funciones de presidente del PAN en Veracruz, Ari\u00e1n Gabriel Hern\u00e1ndez, dio a conocer [&hellip;]<\/p>\n","protected":false},"author":1,"featured_media":26388,"comment_status":"open","ping_status":"open","sticky":false,"template":"","format":"standard","meta":{"_jetpack_memberships_contains_paid_content":false,"footnotes":""},"categories":[2],"tags":[],"class_list":["post-26387","post","type-post","status-publish","format-standard","has-post-thumbnail","hentry","category-estado"],"jetpack_featured_media_url":"https:\/\/encuentroinformativo.com.mx\/wp-content\/uploads\/2022\/04\/8AB4F5BB-7812-459C-BF0B-A1771DAC314E.jpeg","jetpack_sharing_enabled":true,"jetpack_likes_enabled":true,"amp_enabled":true,"_links":{"self":[{"href":"https:\/\/encuentroinformativo.com.mx\/index.php?rest_route=\/wp\/v2\/posts\/26387","targetHints":{"allow":["GET"]}}],"collection":[{"href":"https:\/\/encuentroinformativo.com.mx\/index.php?rest_route=\/wp\/v2\/posts"}],"about":[{"href":"https:\/\/encuentroinformativo.com.mx\/index.php?rest_route=\/wp\/v2\/types\/post"}],"author":[{"embeddable":true,"href":"https:\/\/encuentroinformativo.com.mx\/index.php?rest_route=\/wp\/v2\/users\/1"}],"replies":[{"embeddable":true,"href":"https:\/\/encuentroinformativo.com.mx\/index.php?rest_route=%2Fwp%2Fv2%2Fcomments&post=26387"}],"version-history":[{"count":1,"href":"https:\/\/encuentroinformativo.com.mx\/index.php?rest_route=\/wp\/v2\/posts\/26387\/revisions"}],"predecessor-version":[{"id":26389,"href":"https:\/\/encuentroinformativo.com.mx\/index.php?rest_route=\/wp\/v2\/posts\/26387\/revisions\/26389"}],"wp:featuredmedia":[{"embeddable":true,"href":"https:\/\/encuentroinformativo.com.mx\/index.php?rest_route=\/wp\/v2\/media\/26388"}],"wp:attachment":[{"href":"https:\/\/encuentroinformativo.com.mx\/index.php?rest_route=%2Fwp%2Fv2%2Fmedia&parent=26387"}],"wp:term":[{"taxonomy":"category","embeddable":true,"href":"https:\/\/encuentroinformativo.com.mx\/index.php?rest_route=%2Fwp%2Fv2%2Fcategories&post=26387"},{"taxonomy":"post_tag","embeddable":true,"href":"https:\/\/encuentroinformativo.com.mx\/index.php?rest_route=%2Fwp%2Fv2%2Ftags&post=26387"}],"curies":[{"name":"wp","href":"https:\/\/api.w.org\/{rel}","templated":true}]}}