{"id":26394,"date":"2022-04-25T13:52:52","date_gmt":"2022-04-25T18:52:52","guid":{"rendered":"https:\/\/encuentroinformativo.com.mx\/?p=26394"},"modified":"2022-04-25T13:52:55","modified_gmt":"2022-04-25T18:52:55","slug":"aumenta-desaparicion-de-menores-senala-observatorio","status":"publish","type":"post","link":"https:\/\/encuentroinformativo.com.mx\/?p=26394","title":{"rendered":"Aumenta desaparici\u00f3n de menores, se\u00f1ala Observatorio"},"content":{"rendered":"\n<p><strong>Dar\u00edo Pale<\/strong><\/p>\n\n\n\n<p>Xalapa, Ver.- Se ha incrementado la desaparici\u00f3n de menores de entre 11 y 13 a\u00f1os de edad, sobre todo en la zona centro del Estado, por lo que Veracruz va rumbo a la tercera Alerta de Violencia de G\u00e9nero (AVG) por desaparici\u00f3n de mujeres.<\/p>\n\n\n\n<p>En entrevista la titular del Observatorio Universitario de Violencias contra las Mujeres de la Universidad Veracruzana, Estela Casados, advirti\u00f3 que debido al incremento de desapariciones de mujeres, sobre todo de adolescentes.<\/p>\n\n\n\n<p>Se\u00f1al\u00f3 que existe la posibilidad de que se emita la tercera Declaratoria de Alerta de Violencia de G\u00e9nero (AVG) para Veracruz, las desapariciones son multifactoriales, pero el mayor n\u00famero que han estado detectando son de menores de entre 11 y 13 a\u00f1os de edad.<\/p>\n\n\n\n<p>Aclar\u00f3 que no existe un diagn\u00f3stico puntual sobre el motivo de las desapariciones, pero han observado (y se tendr\u00edan que investigar por parte de las autoridades), es por tr\u00e1fico de mujeres, por ausencia voluntaria y otras por los desacuerdos entre los padres y entonces se genera una sustracci\u00f3n.<\/p>\n\n\n\n<p>Evit\u00f3 especular s\u00ed algunos de los casos est\u00e9n relacionados con el comercio sexual de menores o que est\u00e9 relacionados con el crimen organizado, ya que se tiene que investigar.<\/p>\n\n\n\n<p>Dio a conocer que en el 2021 se logr\u00f3 que la Conavim hiciera todo el procedimiento para evaluar la solicitud que hicieron las organizaciones de la sociedad civil para una tercera alerta de violencia de g\u00e9nero.<\/p>\n\n\n\n<p>De manera que, en este momento ya se integr\u00f3 el grupo de trabajo que est\u00e1 evaluando la pertinencia de dicha solicitud y que en las pr\u00f3ximas semanas se dar\u00e1 a conocer.<\/p>\n\n\n\n<p>&#8220;Estamos observando desde otros espacios, desde el Observatorio Universitario, que es a partir del 2021 que se despuntan las de por s\u00ed preocupantes cifras de violencia, seguramente estaremos en un proceso de una posible declaratoria de alerta de violencia de g\u00e9nero por desaparici\u00f3n de mujeres&#8221;, se\u00f1alo.<\/p>\n\n\n\n<p>Con base en los an\u00e1lisis que hizo el Observatorio el a\u00f1o pasado hubo 685 desapariciones de mujeres, mientras que en el primer trimestre de este 2022, de enero a marzo ya van 160.<\/p>\n\n\n\n<p>Aclar\u00f3 que algunas de estas han aparecido con vida, sin embargo, las desapariciones est\u00e1n siendo m\u00e1s intensas, lo cual resulta muy evidente con base en las fichas que emite la Comisi\u00f3n Estatal de B\u00fasqueda de Personas Desaparecidas.<\/p>\n\n\n\n<p>Y es que anteriormente las cifras no pasaban los 300 casos y en 2021 fueron 685 y la zona centro del Estado fue la regi\u00f3n donde mayormente se dieron las desapariciones.<\/p>\n\n\n\n<p>Finalmente, defini\u00f3 que se podr\u00eda decir que hay una &#8220;crisis&#8221; por estas desapariciones, pero sobre todo porque se est\u00e1n incrementando las cifras cada d\u00eda.<\/p>\n","protected":false},"excerpt":{"rendered":"<p>Dar\u00edo Pale Xalapa, Ver.- Se ha incrementado la desaparici\u00f3n de menores de entre 11 y 13 a\u00f1os de edad, sobre todo en la zona centro del Estado, por lo que Veracruz va rumbo a la tercera Alerta de Violencia de G\u00e9nero (AVG) por desaparici\u00f3n de mujeres. En entrevista la titular del Observatorio Universitario de Violencias [&hellip;]<\/p>\n","protected":false},"author":1,"featured_media":26395,"comment_status":"open","ping_status":"open","sticky":false,"template":"","format":"standard","meta":{"_jetpack_memberships_contains_paid_content":false,"footnotes":""},"categories":[2],"tags":[],"class_list":["post-26394","post","type-post","status-publish","format-standard","has-post-thumbnail","hentry","category-estado"],"jetpack_featured_media_url":"https:\/\/encuentroinformativo.com.mx\/wp-content\/uploads\/2022\/04\/072CB154-1C62-4E2C-BBDB-1C2BD2F6456E.jpeg","jetpack_sharing_enabled":true,"jetpack_likes_enabled":true,"amp_enabled":true,"_links":{"self":[{"href":"https:\/\/encuentroinformativo.com.mx\/index.php?rest_route=\/wp\/v2\/posts\/26394","targetHints":{"allow":["GET"]}}],"collection":[{"href":"https:\/\/encuentroinformativo.com.mx\/index.php?rest_route=\/wp\/v2\/posts"}],"about":[{"href":"https:\/\/encuentroinformativo.com.mx\/index.php?rest_route=\/wp\/v2\/types\/post"}],"author":[{"embeddable":true,"href":"https:\/\/encuentroinformativo.com.mx\/index.php?rest_route=\/wp\/v2\/users\/1"}],"replies":[{"embeddable":true,"href":"https:\/\/encuentroinformativo.com.mx\/index.php?rest_route=%2Fwp%2Fv2%2Fcomments&post=26394"}],"version-history":[{"count":1,"href":"https:\/\/encuentroinformativo.com.mx\/index.php?rest_route=\/wp\/v2\/posts\/26394\/revisions"}],"predecessor-version":[{"id":26396,"href":"https:\/\/encuentroinformativo.com.mx\/index.php?rest_route=\/wp\/v2\/posts\/26394\/revisions\/26396"}],"wp:featuredmedia":[{"embeddable":true,"href":"https:\/\/encuentroinformativo.com.mx\/index.php?rest_route=\/wp\/v2\/media\/26395"}],"wp:attachment":[{"href":"https:\/\/encuentroinformativo.com.mx\/index.php?rest_route=%2Fwp%2Fv2%2Fmedia&parent=26394"}],"wp:term":[{"taxonomy":"category","embeddable":true,"href":"https:\/\/encuentroinformativo.com.mx\/index.php?rest_route=%2Fwp%2Fv2%2Fcategories&post=26394"},{"taxonomy":"post_tag","embeddable":true,"href":"https:\/\/encuentroinformativo.com.mx\/index.php?rest_route=%2Fwp%2Fv2%2Ftags&post=26394"}],"curies":[{"name":"wp","href":"https:\/\/api.w.org\/{rel}","templated":true}]}}