{"id":26403,"date":"2022-04-25T14:11:50","date_gmt":"2022-04-25T19:11:50","guid":{"rendered":"https:\/\/encuentroinformativo.com.mx\/?p=26403"},"modified":"2022-04-25T14:11:54","modified_gmt":"2022-04-25T19:11:54","slug":"sorprende-pascua-a-hoteleros-ocupacion-cercana-al-70-por-ciento","status":"publish","type":"post","link":"https:\/\/encuentroinformativo.com.mx\/?p=26403","title":{"rendered":"Sorprende Pascua a hoteleros, ocupaci\u00f3n cercana al 70 por ciento"},"content":{"rendered":"\n<p><strong>Alejandro \u00c1vila<\/strong><\/p>\n\n\n\n<p>Veracruz, Ver.- La semana de Pascua fue sorpresiva para los hoteleros de la zona conurbada Veracruz &#8211; Boca del R\u00edo, pues se registr\u00f3 una ocupaci\u00f3n hotelera cercana al 70 por ciento, situaci\u00f3n at\u00edpica, asegur\u00f3 el presidente del Consejo Metropolitano de Turismo (COMETUR), Sergio Lois Heredia.<\/p>\n\n\n\n<p>El empresario tur\u00edstico reconoci\u00f3 que, los altos n\u00fameros de ocupaci\u00f3n hotelera se dan durante la semana mayor y bajan en la semana de Pascuas, pero en este 2022 sucedi\u00f3 algo inesperado, por lo que esperan la reactivaci\u00f3n econ\u00f3mica vaya en aumento.<\/p>\n\n\n\n<p>&#8220;Pero la semana de Pascua la verdad es que no sorprendi\u00f3 gratamente porque tuvo una afluencia buena, todav\u00eda el s\u00e1bado y la ma\u00f1ana del domingo se observaba gente en la playa, gente ah\u00ed en las zonas tur\u00edsticas, y bueno tambi\u00e9n se vio reflejado en lo que es la ocupaci\u00f3n, s\u00ed bien no llego a ocupaciones tope como en la semana mayor, en la semana de Pascuas, habr\u00e1 que esperar el porcentaje oficial que de la Asociaci\u00f3n de Hoteles, pero si alrededor de un 65 por ciento, quiz\u00e1s 70, de lo que se permite vender, en lo que son estos d\u00edas&#8221;, puntualiz\u00f3.<\/p>\n\n\n\n<p>Con estos n\u00fameros la COMETUR considera qu\u00e9 habr\u00e1 un buen porcentaje de ocupaci\u00f3n hotelera durante los fines de semana del Festival de la Salsa, el Festival de Velas y el Carnaval de Veracruz.<\/p>\n\n\n\n<p>Adem\u00e1s, Sergio Lois Heredia confirm\u00f3 en pr\u00f3ximos d\u00edas sostendr\u00e1n una reuni\u00f3n con el secretario de Turismo, Iv\u00e1n Mart\u00ednez Olvera, d\u00f3nde refrendar\u00e1n la solicitud de poder utilizar al 100 por ciento la capacidad de sus inmuebles.<\/p>\n","protected":false},"excerpt":{"rendered":"<p>Alejandro \u00c1vila Veracruz, Ver.- La semana de Pascua fue sorpresiva para los hoteleros de la zona conurbada Veracruz &#8211; Boca del R\u00edo, pues se registr\u00f3 una ocupaci\u00f3n hotelera cercana al 70 por ciento, situaci\u00f3n at\u00edpica, asegur\u00f3 el presidente del Consejo Metropolitano de Turismo (COMETUR), Sergio Lois Heredia. El empresario tur\u00edstico reconoci\u00f3 que, los altos n\u00fameros [&hellip;]<\/p>\n","protected":false},"author":1,"featured_media":26404,"comment_status":"open","ping_status":"open","sticky":false,"template":"","format":"standard","meta":{"_jetpack_memberships_contains_paid_content":false,"footnotes":""},"categories":[2],"tags":[],"class_list":["post-26403","post","type-post","status-publish","format-standard","has-post-thumbnail","hentry","category-estado"],"jetpack_featured_media_url":"https:\/\/encuentroinformativo.com.mx\/wp-content\/uploads\/2022\/04\/6ACE655A-9DBD-42E4-B8AC-11BDF1F57229.jpeg","jetpack_sharing_enabled":true,"jetpack_likes_enabled":true,"amp_enabled":true,"_links":{"self":[{"href":"https:\/\/encuentroinformativo.com.mx\/index.php?rest_route=\/wp\/v2\/posts\/26403","targetHints":{"allow":["GET"]}}],"collection":[{"href":"https:\/\/encuentroinformativo.com.mx\/index.php?rest_route=\/wp\/v2\/posts"}],"about":[{"href":"https:\/\/encuentroinformativo.com.mx\/index.php?rest_route=\/wp\/v2\/types\/post"}],"author":[{"embeddable":true,"href":"https:\/\/encuentroinformativo.com.mx\/index.php?rest_route=\/wp\/v2\/users\/1"}],"replies":[{"embeddable":true,"href":"https:\/\/encuentroinformativo.com.mx\/index.php?rest_route=%2Fwp%2Fv2%2Fcomments&post=26403"}],"version-history":[{"count":1,"href":"https:\/\/encuentroinformativo.com.mx\/index.php?rest_route=\/wp\/v2\/posts\/26403\/revisions"}],"predecessor-version":[{"id":26405,"href":"https:\/\/encuentroinformativo.com.mx\/index.php?rest_route=\/wp\/v2\/posts\/26403\/revisions\/26405"}],"wp:featuredmedia":[{"embeddable":true,"href":"https:\/\/encuentroinformativo.com.mx\/index.php?rest_route=\/wp\/v2\/media\/26404"}],"wp:attachment":[{"href":"https:\/\/encuentroinformativo.com.mx\/index.php?rest_route=%2Fwp%2Fv2%2Fmedia&parent=26403"}],"wp:term":[{"taxonomy":"category","embeddable":true,"href":"https:\/\/encuentroinformativo.com.mx\/index.php?rest_route=%2Fwp%2Fv2%2Fcategories&post=26403"},{"taxonomy":"post_tag","embeddable":true,"href":"https:\/\/encuentroinformativo.com.mx\/index.php?rest_route=%2Fwp%2Fv2%2Ftags&post=26403"}],"curies":[{"name":"wp","href":"https:\/\/api.w.org\/{rel}","templated":true}]}}