{"id":26406,"date":"2022-04-25T14:14:34","date_gmt":"2022-04-25T19:14:34","guid":{"rendered":"https:\/\/encuentroinformativo.com.mx\/?p=26406"},"modified":"2022-04-25T14:14:37","modified_gmt":"2022-04-25T19:14:37","slug":"se-incendia-comercio-de-plasticos-en-centro-de-veracruz-puerto","status":"publish","type":"post","link":"https:\/\/encuentroinformativo.com.mx\/?p=26406","title":{"rendered":"Se incendia comercio de pl\u00e1sticos en centro de Veracruz puerto"},"content":{"rendered":"\n<p><strong>Alejandro \u00c1vila<\/strong><\/p>\n\n\n\n<p>Veracruz, Ver.- Gran alerta se suscit\u00f3 la tarde de este lunes tras el incendio de un comercio de pl\u00e1sticos ubicada en las calles Francisco Canal y Miguel Hidalgo, del centro de la ciudad de Veracruz.<\/p>\n\n\n\n<p>Debido a los productos que hab\u00eda en la presunta bodega las llamas crecieron r\u00e1pidamente, y alarm\u00f3 a los vecinos y comerciantes de los alrededores, qui\u00e9nes reportaron a los tel\u00e9fonos de emergencia lo sucedido.<\/p>\n\n\n\n<p>Casi una hora tardaron los elementos del Heroico Cuerpo de Bomberos de Veracruz en sofocar el siniestro.<\/p>\n\n\n\n<p>&#8220;Ya est\u00e1 controlado, si se dan cuenta el humo que sale ya no es negro, est\u00e1 saliendo puro vapor de agua, \u00bfeso qu\u00e9 quiere decir?, que ya hemos bajado la temperatura considerablemente, y ya flama quiz\u00e1s sea muy poco o ya queden brasas nada m\u00e1s, ahorita se est\u00e1 procediendo ya a entrar por las escaleras, primero se procedi\u00f3 a estar tirando agua arriba, a controlar esa zona y a apagar parte de abajo, para poder accesar con las escaleras, ya se apag\u00f3, fue el primer trabajo que se hizo, y ya ahorita van a estar accesando&#8221;, coment\u00f3 el director de Protecci\u00f3n Civil Municipal, Alfonso Garc\u00eda Cardona.<\/p>\n\n\n\n<p>El funcionario municipal dijo desconocer al momento el motivo del inicio del incendio, al tiempo que tambi\u00e9n dijo desconocer si junto exist\u00eda una veterinaria donde los animales corrieran peligro, como se rumor\u00f3, pues recalc\u00f3, a\u00fan no hab\u00edan podido ingresar al sitio al 100 por ciento para revisar por completo lo sucedido.<\/p>\n\n\n\n<p>Garc\u00eda Cardona recalc\u00f3 el trabajo principal, fue sofocar el incendio, de lo que aparentemente son oficinas en una peque\u00f1a plaza comercial.<\/p>\n\n\n\n<p>&#8220;Recordemos que todos los materiales son flamables, bueno, son combustibles, es el t\u00e9rmino correcto, son pl\u00e1sticos, estos apenas agarran temperatura se prenden, el control es muy dif\u00edcil (\u2026) se evacua alrededor, algo precautorio, afortunadamente no hemos tenido el reporte de un elemento o persona intoxicada&#8221;, culmin\u00f3.<\/p>\n\n\n\n<figure class=\"wp-block-image size-large\"><img loading=\"lazy\" decoding=\"async\" width=\"1024\" height=\"760\" src=\"https:\/\/encuentroinformativo.com.mx\/wp-content\/uploads\/2022\/04\/CD768299-CAF2-4587-8DE3-99C7D50875BF-1024x760.jpeg\" alt=\"\" class=\"wp-image-26408\" srcset=\"https:\/\/encuentroinformativo.com.mx\/wp-content\/uploads\/2022\/04\/CD768299-CAF2-4587-8DE3-99C7D50875BF-1024x760.jpeg 1024w, https:\/\/encuentroinformativo.com.mx\/wp-content\/uploads\/2022\/04\/CD768299-CAF2-4587-8DE3-99C7D50875BF-300x223.jpeg 300w, https:\/\/encuentroinformativo.com.mx\/wp-content\/uploads\/2022\/04\/CD768299-CAF2-4587-8DE3-99C7D50875BF-768x570.jpeg 768w, https:\/\/encuentroinformativo.com.mx\/wp-content\/uploads\/2022\/04\/CD768299-CAF2-4587-8DE3-99C7D50875BF-1536x1139.jpeg 1536w, https:\/\/encuentroinformativo.com.mx\/wp-content\/uploads\/2022\/04\/CD768299-CAF2-4587-8DE3-99C7D50875BF.jpeg 1599w\" sizes=\"auto, (max-width: 1024px) 100vw, 1024px\" \/><\/figure>\n","protected":false},"excerpt":{"rendered":"<p>Alejandro \u00c1vila Veracruz, Ver.- Gran alerta se suscit\u00f3 la tarde de este lunes tras el incendio de un comercio de pl\u00e1sticos ubicada en las calles Francisco Canal y Miguel Hidalgo, del centro de la ciudad de Veracruz. Debido a los productos que hab\u00eda en la presunta bodega las llamas crecieron r\u00e1pidamente, y alarm\u00f3 a los [&hellip;]<\/p>\n","protected":false},"author":1,"featured_media":26407,"comment_status":"open","ping_status":"open","sticky":false,"template":"","format":"standard","meta":{"_jetpack_memberships_contains_paid_content":false,"footnotes":""},"categories":[14],"tags":[],"class_list":["post-26406","post","type-post","status-publish","format-standard","has-post-thumbnail","hentry","category-policiaca"],"jetpack_featured_media_url":"https:\/\/encuentroinformativo.com.mx\/wp-content\/uploads\/2022\/04\/84CB0287-AA1B-4550-8D7D-D3A25E418A84.jpeg","jetpack_sharing_enabled":true,"jetpack_likes_enabled":true,"amp_enabled":true,"_links":{"self":[{"href":"https:\/\/encuentroinformativo.com.mx\/index.php?rest_route=\/wp\/v2\/posts\/26406","targetHints":{"allow":["GET"]}}],"collection":[{"href":"https:\/\/encuentroinformativo.com.mx\/index.php?rest_route=\/wp\/v2\/posts"}],"about":[{"href":"https:\/\/encuentroinformativo.com.mx\/index.php?rest_route=\/wp\/v2\/types\/post"}],"author":[{"embeddable":true,"href":"https:\/\/encuentroinformativo.com.mx\/index.php?rest_route=\/wp\/v2\/users\/1"}],"replies":[{"embeddable":true,"href":"https:\/\/encuentroinformativo.com.mx\/index.php?rest_route=%2Fwp%2Fv2%2Fcomments&post=26406"}],"version-history":[{"count":1,"href":"https:\/\/encuentroinformativo.com.mx\/index.php?rest_route=\/wp\/v2\/posts\/26406\/revisions"}],"predecessor-version":[{"id":26409,"href":"https:\/\/encuentroinformativo.com.mx\/index.php?rest_route=\/wp\/v2\/posts\/26406\/revisions\/26409"}],"wp:featuredmedia":[{"embeddable":true,"href":"https:\/\/encuentroinformativo.com.mx\/index.php?rest_route=\/wp\/v2\/media\/26407"}],"wp:attachment":[{"href":"https:\/\/encuentroinformativo.com.mx\/index.php?rest_route=%2Fwp%2Fv2%2Fmedia&parent=26406"}],"wp:term":[{"taxonomy":"category","embeddable":true,"href":"https:\/\/encuentroinformativo.com.mx\/index.php?rest_route=%2Fwp%2Fv2%2Fcategories&post=26406"},{"taxonomy":"post_tag","embeddable":true,"href":"https:\/\/encuentroinformativo.com.mx\/index.php?rest_route=%2Fwp%2Fv2%2Ftags&post=26406"}],"curies":[{"name":"wp","href":"https:\/\/api.w.org\/{rel}","templated":true}]}}