{"id":2641,"date":"2020-05-18T14:48:55","date_gmt":"2020-05-18T19:48:55","guid":{"rendered":"https:\/\/encuentroinformativo.com\/?p=2641"},"modified":"2020-05-18T14:48:57","modified_gmt":"2020-05-18T19:48:57","slug":"congreso-podria-aprobar-ley-sustentable-para-sector-cafetalero","status":"publish","type":"post","link":"https:\/\/encuentroinformativo.com.mx\/?p=2641","title":{"rendered":"Congreso podr\u00eda aprobar Ley Sustentable para sector cafetalero"},"content":{"rendered":"\n<p><strong>Dar\u00edo Pale <\/strong><\/p>\n\n\n\n<p>Xalapa, Ver.- El diputado del Morena por el distrito de Coatepec Raymundo Andrade Rivera dio a conocer que esperan que en este periodo legislativo se apruebe la ley Sustentable para el sector cafetalero.<\/p>\n\n\n\n<p>Entrevistado en las calles del centro de Xalapa coment\u00f3 que lamentablemente la producci\u00f3n del caf\u00e9 en su distrito ha sido abandonado ya que no han existido las condiciones propias para que se aliente la producci\u00f3n del arom\u00e1tico.<\/p>\n\n\n\n<p>Lo que m\u00e1s le a afectado al productor es el precio por lo que ha bajado el n\u00famero de hect\u00e1reas que se dedican a la producci\u00f3n del caf\u00e9, no obstante a\u00fan existen zonas donde se est\u00e1 cuidando el cultivo de dicho producto.<\/p>\n\n\n\n<p>Se\u00f1al\u00f3 que desde el Congreso est\u00e1n trabajando para sacar la ley sustentable del caf\u00e9 veracruzano, por lo que esperan que pronto tengan buenas noticias ya que est\u00e1n impulsando a que haya una mejora sobre todo en el precio.<\/p>\n\n\n\n<p>Dio a conocer que lamentablemente muchos cafetales los est\u00e1n ocupando para convertirlos en lotes para vivienda, debido a los bajos precios del caf\u00e9 y las plagas y enfermedades que han surgido en estos d\u00edas.<\/p>\n\n\n\n<p>No obstante es una actividad econ\u00f3mica muy importante para la zona cafetalera ya que cuentan con las condiciones propicias de altura, clima y los buenos suelos que se tienen para este tipo de producci\u00f3n.<\/p>\n\n\n\n<p>Finalmente se\u00f1al\u00f3 que quieren que haya un organismo ya sea estatal o federal que tenga que meter orden dentro de todo el sistema producto caf\u00e9, por lo que esperan que en este periodo legislativo se pueda aprobar por el bien de los productores de caf\u00e9.<\/p>\n\n\n\n<p><\/p>\n","protected":false},"excerpt":{"rendered":"<p>Dar\u00edo Pale Xalapa, Ver.- El diputado del Morena por el distrito de Coatepec Raymundo Andrade Rivera dio a conocer que esperan que en este periodo legislativo se apruebe la ley Sustentable para el sector cafetalero. Entrevistado en las calles del centro de Xalapa coment\u00f3 que lamentablemente la producci\u00f3n del caf\u00e9 en su distrito ha sido [&hellip;]<\/p>\n","protected":false},"author":1,"featured_media":2287,"comment_status":"open","ping_status":"open","sticky":false,"template":"","format":"standard","meta":{"_jetpack_memberships_contains_paid_content":false,"footnotes":""},"categories":[2],"tags":[],"class_list":["post-2641","post","type-post","status-publish","format-standard","has-post-thumbnail","hentry","category-estado"],"jetpack_featured_media_url":"https:\/\/encuentroinformativo.com.mx\/wp-content\/uploads\/2020\/05\/D34ABF75-8FD4-4D50-9695-FC577B0240A5.jpeg","jetpack_sharing_enabled":true,"jetpack_likes_enabled":true,"amp_enabled":true,"_links":{"self":[{"href":"https:\/\/encuentroinformativo.com.mx\/index.php?rest_route=\/wp\/v2\/posts\/2641","targetHints":{"allow":["GET"]}}],"collection":[{"href":"https:\/\/encuentroinformativo.com.mx\/index.php?rest_route=\/wp\/v2\/posts"}],"about":[{"href":"https:\/\/encuentroinformativo.com.mx\/index.php?rest_route=\/wp\/v2\/types\/post"}],"author":[{"embeddable":true,"href":"https:\/\/encuentroinformativo.com.mx\/index.php?rest_route=\/wp\/v2\/users\/1"}],"replies":[{"embeddable":true,"href":"https:\/\/encuentroinformativo.com.mx\/index.php?rest_route=%2Fwp%2Fv2%2Fcomments&post=2641"}],"version-history":[{"count":1,"href":"https:\/\/encuentroinformativo.com.mx\/index.php?rest_route=\/wp\/v2\/posts\/2641\/revisions"}],"predecessor-version":[{"id":2642,"href":"https:\/\/encuentroinformativo.com.mx\/index.php?rest_route=\/wp\/v2\/posts\/2641\/revisions\/2642"}],"wp:featuredmedia":[{"embeddable":true,"href":"https:\/\/encuentroinformativo.com.mx\/index.php?rest_route=\/wp\/v2\/media\/2287"}],"wp:attachment":[{"href":"https:\/\/encuentroinformativo.com.mx\/index.php?rest_route=%2Fwp%2Fv2%2Fmedia&parent=2641"}],"wp:term":[{"taxonomy":"category","embeddable":true,"href":"https:\/\/encuentroinformativo.com.mx\/index.php?rest_route=%2Fwp%2Fv2%2Fcategories&post=2641"},{"taxonomy":"post_tag","embeddable":true,"href":"https:\/\/encuentroinformativo.com.mx\/index.php?rest_route=%2Fwp%2Fv2%2Ftags&post=2641"}],"curies":[{"name":"wp","href":"https:\/\/api.w.org\/{rel}","templated":true}]}}