{"id":26428,"date":"2022-04-25T14:51:27","date_gmt":"2022-04-25T19:51:27","guid":{"rendered":"https:\/\/encuentroinformativo.com.mx\/?p=26428"},"modified":"2022-04-25T17:56:54","modified_gmt":"2022-04-25T22:56:54","slug":"realizaran-campana-de-esterilizacion-para-perros-y-gatos-anuncian-activistas","status":"publish","type":"post","link":"https:\/\/encuentroinformativo.com.mx\/?p=26428","title":{"rendered":"Realizar\u00e1n campa\u00f1a de esterilizaci\u00f3n para perros y gatos, anuncian activistas"},"content":{"rendered":"\n<p><strong>Dar\u00edo Pale<\/strong><\/p>\n\n\n\n<p>Xalapa, Ver.- Lourdes Jim\u00e9nez de la Coalici\u00f3n de Activistas por los Derechos de los Animales dio a conocer que en el mes de mayo iniciar\u00e1n  una campa\u00f1a de esterilizaci\u00f3n gratuita para perros y gatos con due\u00f1os o de la calle, ya que hay una sobre poblaci\u00f3n.<\/p>\n\n\n\n<p>En conferencia de prensa se\u00f1al\u00f3 que en el mes de mayo tendr\u00e1n un evento que tiene que ver con la esterilizaci\u00f3n canina y felina, esto gracias a la solicitud del m\u00e9dico veterinario Ra\u00fal Barranco quien solicit\u00f3 su apoyo para esta campa\u00f1a de esterilizaci\u00f3n.<\/p>\n\n\n\n<p>Por lo anterior decidieron que era el momento de actuar y esta campa\u00f1a tiene conversatorios, entrevistas, \u00a0talleres, por lo que necesitan que la ciudadan\u00eda sepa y conozca la importancia de la esterilizaci\u00f3n de los perros y de los gatos ya que se hab\u00eda estado conteniendo pero nuevamente hay una sobre poblaci\u00f3n.<\/p>\n\n\n\n<p>Se\u00f1al\u00f3 que esta campa\u00f1a tiene como punto central una masiva esterilizaci\u00f3n de animales ya que esperan operar cerca de 400 animales en un d\u00eda ya que son m\u00e1s de 30 m\u00e9dicos veterinarios que se unen al medico Barranco.<\/p>\n\n\n\n<p>Van a estar atendiendo tanto a los animales que tengan due\u00f1o al igual que los que son de la calle, van a visitar las colonias que son de bajos recursos y ah\u00ed dar\u00e1n a conocer los lugares donde se pueden registrar mediante carteles que colocaran en diferentes puntos ya que el d\u00eda 22 de mayo realizar\u00e1n las esterilizaciones.<\/p>\n\n\n\n<p>Coment\u00f3 que el maltrato de los animales no tiene nada que ver con la situaci\u00f3n econ\u00f3mica de la gente, pero si necesitan llegar a los lugares donde no cuentan con recursos econ\u00f3micos para atender a sus mascotas.<\/p>\n\n\n\n<p>Finalmente se\u00f1al\u00f3 que mucha de las denuncias de los maltratos de los animales son en la fiscal\u00eda y tienen que llevar un seguimiento y presentar pruebas para que se pueda comprobar el delito pero muchas veces no las tienen y en algunas ocasiones tienen que contratar abogados.<\/p>\n","protected":false},"excerpt":{"rendered":"<p>Dar\u00edo Pale Xalapa, Ver.- Lourdes Jim\u00e9nez de la Coalici\u00f3n de Activistas por los Derechos de los Animales dio a conocer que en el mes de mayo iniciar\u00e1n una campa\u00f1a de esterilizaci\u00f3n gratuita para perros y gatos con due\u00f1os o de la calle, ya que hay una sobre poblaci\u00f3n. En conferencia de prensa se\u00f1al\u00f3 que en [&hellip;]<\/p>\n","protected":false},"author":1,"featured_media":26429,"comment_status":"open","ping_status":"open","sticky":false,"template":"","format":"standard","meta":{"_jetpack_memberships_contains_paid_content":false,"footnotes":""},"categories":[3],"tags":[],"class_list":["post-26428","post","type-post","status-publish","format-standard","has-post-thumbnail","hentry","category-xalapa"],"jetpack_featured_media_url":"https:\/\/encuentroinformativo.com.mx\/wp-content\/uploads\/2022\/04\/BBC508C6-7A6B-4EA0-8B4D-423066E4F0D5.jpeg","jetpack_sharing_enabled":true,"jetpack_likes_enabled":true,"amp_enabled":true,"_links":{"self":[{"href":"https:\/\/encuentroinformativo.com.mx\/index.php?rest_route=\/wp\/v2\/posts\/26428","targetHints":{"allow":["GET"]}}],"collection":[{"href":"https:\/\/encuentroinformativo.com.mx\/index.php?rest_route=\/wp\/v2\/posts"}],"about":[{"href":"https:\/\/encuentroinformativo.com.mx\/index.php?rest_route=\/wp\/v2\/types\/post"}],"author":[{"embeddable":true,"href":"https:\/\/encuentroinformativo.com.mx\/index.php?rest_route=\/wp\/v2\/users\/1"}],"replies":[{"embeddable":true,"href":"https:\/\/encuentroinformativo.com.mx\/index.php?rest_route=%2Fwp%2Fv2%2Fcomments&post=26428"}],"version-history":[{"count":1,"href":"https:\/\/encuentroinformativo.com.mx\/index.php?rest_route=\/wp\/v2\/posts\/26428\/revisions"}],"predecessor-version":[{"id":26430,"href":"https:\/\/encuentroinformativo.com.mx\/index.php?rest_route=\/wp\/v2\/posts\/26428\/revisions\/26430"}],"wp:featuredmedia":[{"embeddable":true,"href":"https:\/\/encuentroinformativo.com.mx\/index.php?rest_route=\/wp\/v2\/media\/26429"}],"wp:attachment":[{"href":"https:\/\/encuentroinformativo.com.mx\/index.php?rest_route=%2Fwp%2Fv2%2Fmedia&parent=26428"}],"wp:term":[{"taxonomy":"category","embeddable":true,"href":"https:\/\/encuentroinformativo.com.mx\/index.php?rest_route=%2Fwp%2Fv2%2Fcategories&post=26428"},{"taxonomy":"post_tag","embeddable":true,"href":"https:\/\/encuentroinformativo.com.mx\/index.php?rest_route=%2Fwp%2Fv2%2Ftags&post=26428"}],"curies":[{"name":"wp","href":"https:\/\/api.w.org\/{rel}","templated":true}]}}